{"id":211761,"date":"2024-02-20T15:00:00","date_gmt":"2024-02-20T14:00:00","guid":{"rendered":"https:\/\/www.tucomarca.com\/wordpress\/segunda\/?p=211761"},"modified":"2024-02-21T11:06:42","modified_gmt":"2024-02-21T10:06:42","slug":"utiel-evalua-con-el-director-del-servicio-de-emergencias-sanitarias-de-la-comunitat-las-mejoras-a-implantar-en-el-municipio","status":"publish","type":"post","link":"https:\/\/www.tucomarca.com\/wordpress\/segunda\/utiel-evalua-con-el-director-del-servicio-de-emergencias-sanitarias-de-la-comunitat-las-mejoras-a-implantar-en-el-municipio\/","title":{"rendered":"Utiel eval\u00faa con el director del Servicio de Emergencias Sanitarias de la Comunitat las mejoras a implantar en el municipio\u00a0"},"content":{"rendered":"\n<p>El director del Servicio de Emergencias Sanitarias de la&nbsp;Comunidad Valenciana&nbsp;(SESCV), Rafael Romero se trasladaba a Utiel para mantener una reuni\u00f3n con el alcalde de Utiel, Ricardo Gabald\u00f3n, con el objetivo de analizar la actual situaci\u00f3n de los servicios de emergencias sanitarias en el municipio, a la que tambi\u00e9n se sum\u00f3 la concejala de Sanidad, Paloma Villar.<\/p>\n\n\n\n<p>En la reuni\u00f3n se pusieron sobre la mesa diferentes \u00e1reas de mejora en materia sanitaria en el municipio y se barajaron opciones para promover la implantaci\u00f3n de recursos y servicios m\u00e1s eficientes destinados al servicio extrahospitalario especializado en la atenci\u00f3n de emergencias. As\u00ed mismo, el director del SESCV y responsables sanitarios visitaron las instalaciones del servicio de emergencias.<\/p>\n","protected":false},"excerpt":{"rendered":"<div class=\"mh-excerpt\">El director del Servicio de Emergencias Sanitarias de la&nbsp;Comunidad Valenciana&nbsp;(SESCV), Rafael Romero se trasladaba a Utiel para mantener una reuni\u00f3n con el alcalde de Utiel, Ricardo Gabald\u00f3n, con el objetivo de analizar la actual situaci\u00f3n <a class=\"mh-excerpt-more\" href=\"https:\/\/www.tucomarca.com\/wordpress\/segunda\/utiel-evalua-con-el-director-del-servicio-de-emergencias-sanitarias-de-la-comunitat-las-mejoras-a-implantar-en-el-municipio\/\" title=\"Utiel eval\u00faa con el director del Servicio de Emergencias Sanitarias de la Comunitat las mejoras a implantar en el municipio\u00a0\">[+] <\/a><\/div>\n","protected":false},"author":12,"featured_media":211821,"comment_status":"open","ping_status":"open","sticky":false,"template":"","format":"standard","meta":{"footnotes":""},"categories":[119,128,8,142,27,3,29],"tags":[20318,10387,10389],"class_list":{"0":"post-211761","1":"post","2":"type-post","3":"status-publish","4":"format-standard","5":"has-post-thumbnail","7":"category-sanidad-la-comarca","8":"category-infraestructuras","9":"category-la-comarca","10":"category-politica-la-comarca","11":"category-requena-utiel","12":"category-seccion","13":"category-utiel","14":"tag-asistencia-sanitaria","15":"tag-requena-utiel","16":"tag-utiel"},"_links":{"self":[{"href":"https:\/\/www.tucomarca.com\/wordpress\/segunda\/wp-json\/wp\/v2\/posts\/211761","targetHints":{"allow":["GET"]}}],"collection":[{"href":"https:\/\/www.tucomarca.com\/wordpress\/segunda\/wp-json\/wp\/v2\/posts"}],"about":[{"href":"https:\/\/www.tucomarca.com\/wordpress\/segunda\/wp-json\/wp\/v2\/types\/post"}],"author":[{"embeddable":true,"href":"https:\/\/www.tucomarca.com\/wordpress\/segunda\/wp-json\/wp\/v2\/users\/12"}],"replies":[{"embeddable":true,"href":"https:\/\/www.tucomarca.com\/wordpress\/segunda\/wp-json\/wp\/v2\/comments?post=211761"}],"version-history":[{"count":0,"href":"https:\/\/www.tucomarca.com\/wordpress\/segunda\/wp-json\/wp\/v2\/posts\/211761\/revisions"}],"wp:featuredmedia":[{"embeddable":true,"href":"https:\/\/www.tucomarca.com\/wordpress\/segunda\/wp-json\/wp\/v2\/media\/211821"}],"wp:attachment":[{"href":"https:\/\/www.tucomarca.com\/wordpress\/segunda\/wp-json\/wp\/v2\/media?parent=211761"}],"wp:term":[{"taxonomy":"category","embeddable":true,"href":"https:\/\/www.tucomarca.com\/wordpress\/segunda\/wp-json\/wp\/v2\/categories?post=211761"},{"taxonomy":"post_tag","embeddable":true,"href":"https:\/\/www.tucomarca.com\/wordpress\/segunda\/wp-json\/wp\/v2\/tags?post=211761"}],"curies":[{"name":"wp","href":"https:\/\/api.w.org\/{rel}","templated":true}]}}