{"id":211771,"date":"2024-02-20T14:00:00","date_gmt":"2024-02-20T13:00:00","guid":{"rendered":"https:\/\/www.tucomarca.com\/wordpress\/segunda\/?p=211771"},"modified":"2024-02-21T10:03:49","modified_gmt":"2024-02-21T09:03:49","slug":"la-diputacio-de-valencia-aprueba-el-programa-de-actividades-destinadas-a-prevenir-adicciones","status":"publish","type":"post","link":"https:\/\/www.tucomarca.com\/wordpress\/segunda\/la-diputacio-de-valencia-aprueba-el-programa-de-actividades-destinadas-a-prevenir-adicciones\/","title":{"rendered":"La Diputaci\u00f3 de Val\u00e8ncia aprueba el programa de actividades destinadas a prevenir adicciones&nbsp;"},"content":{"rendered":"\n<h3 class=\"wp-block-heading\">El pleno del mes de febrero da luz verde por unanimidad al Programa Provincial de Actividades Preventivas 2024 que contempla un amplio cat\u00e1logo de actuaciones adaptadas a las necesidades espec\u00edficas de la poblaci\u00f3n<\/h3>\n\n\n\n<h3 class=\"wp-block-heading\">Los municipios menores de 20.000 habitantes podr\u00e1n solicitar las actividades una vez est\u00e9 publicada la convocatoria en el BOP<\/h3>\n\n\n\n<p>La Diputaci\u00f3 de Val\u00e8ncia ha aprobado el Programa Provincial de Actividades Preventivas 2024 en el marco del VIII Plan Provincial de Prevenci\u00f3n de Adicciones 2024-2027, con los votos a favor de todos los grupos pol\u00edticos representados en la corporaci\u00f3n provincial. As\u00ed, el pleno del mes de febrero ha dado luz verde a este programa que contempla un amplio cat\u00e1logo de actuaciones planificadas que abordan de forma integral la prevenci\u00f3n de adicciones adaptadas a las necesidades espec\u00edficas de la poblaci\u00f3n, con el fin de establecer un nivel de prevenci\u00f3n continuado en los municipios de la provincia con una poblaci\u00f3n inferior a 20.000 habitantes.&nbsp;<\/p>\n\n\n\n<p>En este sentido, la diputada de Bienestar e Inclusi\u00f3n Social y Salud P\u00fablica, Imma Gonz\u00e1lez, ha manifestado que el programa \u201cest\u00e1 compuesto por tres subprogramas de formaci\u00f3n preventiva destinados a ni\u00f1os, preadolescentes, adolescentes, j\u00f3venes, familias y profesionales: prevenci\u00f3n de consumo de drogas y promoci\u00f3n de habilidades de protecci\u00f3n sociopersonales; usos inadecuados de las tecnolog\u00edas y adicci\u00f3n al juego, y el subprograma de prevenci\u00f3n selectiva del consumo de alcohol y\/o cannabis\u201d.<\/p>\n\n\n\n<p>Asimismo, ha apuntado que \u201ccon el objetivo de ampliar la cobertura y teniendo en cuenta diversos escenarios y factores y la incidencia en la poblaci\u00f3n, se han incorporado nuevas l\u00edneas tem\u00e1ticas y talleres, haciendo especial hincapi\u00e9 en las adicciones relacionadas con internet y reforzando el trabajo relacionado con la prevenci\u00f3n del consumo de las principales drogas de abuso y tambi\u00e9n el trabajo con las familias\u201d.<\/p>\n\n\n\n<p><strong>Novedades<\/strong><\/p>\n\n\n\n<p>Dentro del subprograma de prevenci\u00f3n de dependencias a las tecnolog\u00edas, se van a llevar a cabo acciones formativas directas a adolescentes y familias sobre afectividad, sexualidad y prevenci\u00f3n del consumo de pornograf\u00eda a trav\u00e9s de internet. La siguiente novedad para este a\u00f1o es el refuerzo del trabajo con adolescentes en la tem\u00e1tica de valores con actividades teatrales. Tambi\u00e9n se emplea el teatro en las acciones formativas destinadas a adolescentes relacionadas con las principales drogas de abuso. Asimismo, se ha reforzado el trabajo en el subprograma de prevenci\u00f3n de drogas, incidiendo en los talleres con familias con resoluci\u00f3n de casos pr\u00e1cticos.&nbsp;<\/p>\n\n\n\n<p>La solicitud de estas actividades podr\u00e1 efectuarse por los ayuntamientos a partir del d\u00eda siguiente a la publicaci\u00f3n de la convocatoria en el Bolet\u00edn Oficial de la Provincia, que ser\u00e1 pr\u00f3ximamente.<\/p>\n\n\n\n<p>El subprograma de prevenci\u00f3n universal de drogas incluye 78 tipolog\u00edas de actividades dirigidas a la prevenci\u00f3n del consumo de drogas y promoci\u00f3n de habilidades de proyecci\u00f3n sociopersonales dirigidas a diferentes grupos poblacionales: ni\u00f1os, preadolescentes, adolescentes, j\u00f3venes, familias y profesionales municipales; con contenidos que abordan diferentes l\u00edneas tem\u00e1ticas: salud, valores, relaciones sociales, educaci\u00f3n emocional y drogas de abuso.<\/p>\n\n\n\n<p>En cuanto al subprograma de prevenci\u00f3n de dependencias a las tecnolog\u00edas, adicci\u00f3n al juego y habilidades de protecci\u00f3n sociopersonales incluye 18 tipolog\u00edas de actividades con contenidos de diferentes l\u00edneas tem\u00e1ticas vinculadas a la prevenci\u00f3n de dependencias tecnol\u00f3gicas (m\u00f3viles y redes sociales) y adicciones sin sustancia (videojuegos y juegos de apuestas), dirigidas a preadolescentes, adolescentes, j\u00f3venes y familias.<\/p>\n\n\n\n<p>Por \u00faltimo, el subprograma de prevenci\u00f3n selectiva del consumo de alcohol y\/o cannabis y promoci\u00f3n de habilidades de protecci\u00f3n sociopersonales integra la intervenci\u00f3n sobre grupos espec\u00edficos de menores en los que ya existe consumo activo, sin que todav\u00eda se haya desarrollado un trastorno por uso de sustancias, junto con sus familias.<\/p>\n","protected":false},"excerpt":{"rendered":"<div class=\"mh-excerpt\">El pleno del mes de febrero da luz verde por unanimidad al Programa Provincial de Actividades Preventivas 2024 que contempla un amplio cat\u00e1logo de actuaciones adaptadas a las necesidades espec\u00edficas de la poblaci\u00f3n Los municipios <a class=\"mh-excerpt-more\" href=\"https:\/\/www.tucomarca.com\/wordpress\/segunda\/la-diputacio-de-valencia-aprueba-el-programa-de-actividades-destinadas-a-prevenir-adicciones\/\" title=\"La Diputaci\u00f3 de Val\u00e8ncia aprueba el programa de actividades destinadas a prevenir adicciones&nbsp;\">[+] <\/a><\/div>\n","protected":false},"author":12,"featured_media":201457,"comment_status":"open","ping_status":"open","sticky":false,"template":"","format":"standard","meta":{"footnotes":""},"categories":[119,128,8,72,10,142,3,45],"tags":[3677],"class_list":{"0":"post-211771","1":"post","2":"type-post","3":"status-publish","4":"format-standard","5":"has-post-thumbnail","7":"category-sanidad-la-comarca","8":"category-infraestructuras","9":"category-la-comarca","10":"category-sin-categorizar","11":"category-la-hoya","12":"category-politica-la-comarca","13":"category-seccion","14":"category-ventana","15":"tag-diputacio-de-valencia"},"_links":{"self":[{"href":"https:\/\/www.tucomarca.com\/wordpress\/segunda\/wp-json\/wp\/v2\/posts\/211771","targetHints":{"allow":["GET"]}}],"collection":[{"href":"https:\/\/www.tucomarca.com\/wordpress\/segunda\/wp-json\/wp\/v2\/posts"}],"about":[{"href":"https:\/\/www.tucomarca.com\/wordpress\/segunda\/wp-json\/wp\/v2\/types\/post"}],"author":[{"embeddable":true,"href":"https:\/\/www.tucomarca.com\/wordpress\/segunda\/wp-json\/wp\/v2\/users\/12"}],"replies":[{"embeddable":true,"href":"https:\/\/www.tucomarca.com\/wordpress\/segunda\/wp-json\/wp\/v2\/comments?post=211771"}],"version-history":[{"count":0,"href":"https:\/\/www.tucomarca.com\/wordpress\/segunda\/wp-json\/wp\/v2\/posts\/211771\/revisions"}],"wp:featuredmedia":[{"embeddable":true,"href":"https:\/\/www.tucomarca.com\/wordpress\/segunda\/wp-json\/wp\/v2\/media\/201457"}],"wp:attachment":[{"href":"https:\/\/www.tucomarca.com\/wordpress\/segunda\/wp-json\/wp\/v2\/media?parent=211771"}],"wp:term":[{"taxonomy":"category","embeddable":true,"href":"https:\/\/www.tucomarca.com\/wordpress\/segunda\/wp-json\/wp\/v2\/categories?post=211771"},{"taxonomy":"post_tag","embeddable":true,"href":"https:\/\/www.tucomarca.com\/wordpress\/segunda\/wp-json\/wp\/v2\/tags?post=211771"}],"curies":[{"name":"wp","href":"https:\/\/api.w.org\/{rel}","templated":true}]}}