{"id":211775,"date":"2024-02-20T13:45:00","date_gmt":"2024-02-20T12:45:00","guid":{"rendered":"https:\/\/www.tucomarca.com\/wordpress\/segunda\/?p=211775"},"modified":"2024-02-21T10:20:02","modified_gmt":"2024-02-21T09:20:02","slug":"la-diputacio-de-valencia-aprueba-una-declaracion-conjunta-del-8m-con-el-foco-en-la-mujer-rural-y-contra-los-vientres-de-alquiler","status":"publish","type":"post","link":"https:\/\/www.tucomarca.com\/wordpress\/segunda\/la-diputacio-de-valencia-aprueba-una-declaracion-conjunta-del-8m-con-el-foco-en-la-mujer-rural-y-contra-los-vientres-de-alquiler\/","title":{"rendered":"La Diputaci\u00f3 de Val\u00e8ncia aprueba una declaraci\u00f3n conjunta del 8M con el foco en la mujer rural y contra los vientres de alquiler"},"content":{"rendered":"\n<h3 class=\"wp-block-heading\">La moci\u00f3n con motivo del D\u00eda Internacional de la Mujer presentada por la vicepresidenta primera y diputada de Ens Uneix, Nat\u00e0lia Enguix, sale adelante con el respaldo del PP, el PSPV y Comprom\u00eds.<\/h3>\n\n\n\n<h3 class=\"wp-block-heading\">La delegaci\u00f3n de Memoria Democr\u00e1tica que dirige Enguix insta al Gobierno a poner en marcha el registro de represaliados pendiente desde 2022 y pedir\u00e1 al Ministerio que incluya las v\u00edctimas vinculadas a la Diputaci\u00f3n.<\/h3>\n\n\n\n<p>La Diputaci\u00f3 de Val\u00e8ncia ha aprobado de forma conjunta, con los votos del PP, Ens Uneix, el PSPV y Comprom\u00eds, la moci\u00f3n con motivo del D\u00eda Internacional de la Mujer presentada por la vicepresidenta primera y responsable de Igualdad, Nat\u00e0lia Enguix. El texto pone el foco en el protagonismo imprescindible de la mujer en el mundo rural, la promoci\u00f3n del trabajo de los municipios en materia de igualdad y la penalizaci\u00f3n de los vientres de alquiler, junto a la regulaci\u00f3n de una industria audiovisual libre de violencias contra las mujeres.<\/p>\n\n\n\n<p>La vicepresidenta Enguix se ha definido a s\u00ed misma como feminista radical porque \u201csolo as\u00ed podemos afrontar de ra\u00edz el problema de la igualdad de oportunidades, hablar de equidad y cambiar una sociedad en la que la meritocracia est\u00e1 basada en principios patriarcales\u201d. Nat\u00e0lia Enguix ha defendido \u201clas medidas de acci\u00f3n positiva que han permitido que las mujeres se incorporen a los puestos de decisiones en el \u00e1mbito p\u00fablico, en una sociedad en la cual la val\u00eda de los hombres se presupone y la de las mujeres se cuestiona\u201d.<\/p>\n\n\n\n<p>En esta l\u00ednea, la titular provincial de Igualdad ha reafirmado la obligaci\u00f3n de la Diputaci\u00f3n de contribuir a la \u201cconstrucci\u00f3n de una sociedad donde todas las mujeres puedan desarrollarse plenamente, sin barreras ni discriminaci\u00f3n, trabajando para eliminar las desigualdades que a\u00fan sufren muchas de ellas, sobre todo en los entornos rurales\u201d. De ah\u00ed la importancia del trabajo que realizan los municipios para alcanzar esa igualdad real entre hombres y mujeres, \u201ctanto en el sistema de detecci\u00f3n precoz como en la atenci\u00f3n a las v\u00edctimas, cuestiones que vamos a seguir promoviendo desde la Red de Municipios Protegidos de la Diputaci\u00f3n\u201d.<\/p>\n\n\n\n<p>Por su parte, la diputada socialista Neus Garrigues ha lamentado que a\u00fan existan \u201cpartidos pol\u00edticos que no condenan la violencia machista\u201d. En su opini\u00f3n, \u201cuna sociedad no puede ser avanzada si no tiene como prioridad la igualdad efectiva y acabar con cualquier tipo de violencia contra las mujeres\u201d. Del mismo modo, la portavoz de Comprom\u00eds, Dolors Gimeno, ha celebrado que \u201cla causa feminista est\u00e1 m\u00e1s viva que nunca, a pesar de Vox\u201d, y ha exigido \u201cel cumplimiento de todas las leyes al respecto para no dar ni un solo paso atr\u00e1s\u201d.<\/p>\n\n\n\n<p>El portavoz de Vox, Sergio Pastor, ha argumentado su rechazo a la moci\u00f3n en que \u201clas pol\u00edticas de izquierda han fracasado, como en el caso de la ley del \u2018Solo s\u00ed es s\u00ed\u2019, y ha lamentado que \u201clo que parece importar es solo que las mujeres lleguen en t\u00e9rminos num\u00e9ricos, por una cuesti\u00f3n de cuotas\u201d. La vicepresidenta Enguix ha finalizado el debate sin querer polemizar y ha pedido el voto favorable a la moci\u00f3n del 8M, extremo que ha agradecido el presidente de la Diputaci\u00f3, Vicent Momp\u00f3. En los mismos t\u00e9rminos se ha resuelto la moci\u00f3n presentada por el grupo Comprom\u00eds para combatir la LGTBIfobia, que ha sido respaldada por todos los representantes en la instituci\u00f3n menos Vox.<\/p>\n\n\n\n<p><strong>Registro de represaliados<\/strong><\/p>\n\n\n\n<p>El pleno de febrero en la instituci\u00f3n provincial tambi\u00e9n deja acuerdos en otras materias, caso de Memoria Democr\u00e1tica. En este sentido, ha salido adelante una moci\u00f3n presentada por el grupo socialista en reconocimiento del que fuera vicepresidente de la Diputaci\u00f3, Isidro Escandell, fusilado en junio de 1940 por sus ideas pol\u00edticas. Solo Vox ha votado en contra de esta reparaci\u00f3n moral en la que han coincidido el resto de grupos desde el respeto individual a Escandell, cuyos restos fueron depositados en la conocida como \u2018fosa de la cultura\u2019 del cementerio de Paterna.<\/p>\n\n\n\n<p>La moci\u00f3n inclu\u00eda un segundo punto que ha sido enmendado por la vicepresidenta Enguix, responsable de Memoria Hist\u00f3rica. \u201cCrear un registro provincial de represaliados no es competencia de esta instituci\u00f3n, seg\u00fan el informe del secretario, por lo cual vamos a presentar un escrito al Ministerio de Presidencia para que incorpore a los represaliados de la Diputaci\u00f3n en el censo estatal, un registro que est\u00e1 pendiente desde 2022 y que es competencia del Gobierno de Espa\u00f1a\u201d, ha se\u00f1alado Enguix, quien ha puntualizado que el registro se debe basar, entre otras fuentes, \u201cen los datos suministrados por las diferentes administraciones p\u00fablicas\u201d.<\/p>\n\n\n\n<p><strong>Acuerdos por unanimidad<\/strong><\/p>\n\n\n\n<p>A lo largo del pleno han salido adelante por unanimidad el nuevo Plan de Formaci\u00f3n para 2024, con cerca de 6.000 plazas para empleados p\u00fablicos de la corporaci\u00f3n y los ayuntamientos y un refuerzo de la descentralizaci\u00f3n, con m\u00e1s cursos en espacios cedidos por los municipios; el Programa Provincial de Actividades Preventivas, en el marco del Plan de Prevenci\u00f3n de Adicciones; y la cesi\u00f3n de viales de titularidad provincial a los consistorios de La Pobla del Duc, Quatretonda y Benig\u00e0nim.<\/p>\n\n\n\n<p>Tambi\u00e9n con el voto favorable de todos los grupos con representaci\u00f3n en la c\u00e1mara se ha aprobado pedir al Gobierno central que incluya ya en los Presupuestos Generales del Estado el soterramiento de las v\u00edas que atraviesan Alfafar, Sedav\u00ed y Benet\u00fasser, una moci\u00f3n del PP que ha defendido el diputado provincial y alcalde de Alfafar, Juan Ram\u00f3n Adsuara, quien ha lamentado las 77 muertes registradas en el punto negro conocido como \u2018paso de la muerte\u2019.<\/p>\n","protected":false},"excerpt":{"rendered":"<div class=\"mh-excerpt\">La moci\u00f3n con motivo del D\u00eda Internacional de la Mujer presentada por la vicepresidenta primera y diputada de Ens Uneix, Nat\u00e0lia Enguix, sale adelante con el respaldo del PP, el PSPV y Comprom\u00eds. La delegaci\u00f3n <a class=\"mh-excerpt-more\" href=\"https:\/\/www.tucomarca.com\/wordpress\/segunda\/la-diputacio-de-valencia-aprueba-una-declaracion-conjunta-del-8m-con-el-foco-en-la-mujer-rural-y-contra-los-vientres-de-alquiler\/\" title=\"La Diputaci\u00f3 de Val\u00e8ncia aprueba una declaraci\u00f3n conjunta del 8M con el foco en la mujer rural y contra los vientres de alquiler\">[+] <\/a><\/div>\n","protected":false},"author":12,"featured_media":206937,"comment_status":"open","ping_status":"open","sticky":false,"template":"","format":"standard","meta":{"footnotes":""},"categories":[128,8,72,10,142,3,45],"tags":[11507,3677],"class_list":{"0":"post-211775","1":"post","2":"type-post","3":"status-publish","4":"format-standard","5":"has-post-thumbnail","7":"category-infraestructuras","8":"category-la-comarca","9":"category-sin-categorizar","10":"category-la-hoya","11":"category-politica-la-comarca","12":"category-seccion","13":"category-ventana","14":"tag-8m","15":"tag-diputacio-de-valencia"},"_links":{"self":[{"href":"https:\/\/www.tucomarca.com\/wordpress\/segunda\/wp-json\/wp\/v2\/posts\/211775","targetHints":{"allow":["GET"]}}],"collection":[{"href":"https:\/\/www.tucomarca.com\/wordpress\/segunda\/wp-json\/wp\/v2\/posts"}],"about":[{"href":"https:\/\/www.tucomarca.com\/wordpress\/segunda\/wp-json\/wp\/v2\/types\/post"}],"author":[{"embeddable":true,"href":"https:\/\/www.tucomarca.com\/wordpress\/segunda\/wp-json\/wp\/v2\/users\/12"}],"replies":[{"embeddable":true,"href":"https:\/\/www.tucomarca.com\/wordpress\/segunda\/wp-json\/wp\/v2\/comments?post=211775"}],"version-history":[{"count":0,"href":"https:\/\/www.tucomarca.com\/wordpress\/segunda\/wp-json\/wp\/v2\/posts\/211775\/revisions"}],"wp:featuredmedia":[{"embeddable":true,"href":"https:\/\/www.tucomarca.com\/wordpress\/segunda\/wp-json\/wp\/v2\/media\/206937"}],"wp:attachment":[{"href":"https:\/\/www.tucomarca.com\/wordpress\/segunda\/wp-json\/wp\/v2\/media?parent=211775"}],"wp:term":[{"taxonomy":"category","embeddable":true,"href":"https:\/\/www.tucomarca.com\/wordpress\/segunda\/wp-json\/wp\/v2\/categories?post=211775"},{"taxonomy":"post_tag","embeddable":true,"href":"https:\/\/www.tucomarca.com\/wordpress\/segunda\/wp-json\/wp\/v2\/tags?post=211775"}],"curies":[{"name":"wp","href":"https:\/\/api.w.org\/{rel}","templated":true}]}}