{"id":211860,"date":"2024-02-21T13:00:00","date_gmt":"2024-02-21T12:00:00","guid":{"rendered":"https:\/\/www.tucomarca.com\/wordpress\/segunda\/?p=211860"},"modified":"2024-02-21T13:08:13","modified_gmt":"2024-02-21T12:08:13","slug":"porvernir-de-cortes-de-pallas-participara-en-la-reunion-de-mas-de-500-cargos-electos-independientes-de-toda-espana-para-crear-una-red-municipalista","status":"publish","type":"post","link":"https:\/\/www.tucomarca.com\/wordpress\/segunda\/porvernir-de-cortes-de-pallas-participara-en-la-reunion-de-mas-de-500-cargos-electos-independientes-de-toda-espana-para-crear-una-red-municipalista\/","title":{"rendered":"Porvernir de Cortes de Pall\u00e1s participar\u00e1 en la reuni\u00f3n de m\u00e1s de 500 cargos electos independientes de toda Espa\u00f1a para crear una red municipalista"},"content":{"rendered":"\n<figure class=\"wp-block-image size-full\"><img loading=\"lazy\" decoding=\"async\" width=\"554\" height=\"568\" src=\"https:\/\/www.tucomarca.com\/wordpress\/segunda\/wp-content\/uploads\/2024\/02\/PorvenirCortes.jpg\" alt=\"\" class=\"wp-image-211871\" srcset=\"https:\/\/www.tucomarca.com\/wordpress\/segunda\/wp-content\/uploads\/2024\/02\/PorvenirCortes.jpg 554w, https:\/\/www.tucomarca.com\/wordpress\/segunda\/wp-content\/uploads\/2024\/02\/PorvenirCortes-293x300.jpg 293w\" sizes=\"auto, (max-width: 554px) 100vw, 554px\" \/><\/figure>\n\n\n\n<p>Este pr\u00f3ximo, <strong>s\u00e1bado 24 de febrero<\/strong>, el <strong>Novotel Madrid Center, <\/strong>en la calle O&#8217;Donnell no 53, ser\u00e1 el epicentro de un encuentro hist\u00f3rico para el municipalismo espa\u00f1ol. <strong>M\u00e1s de 500 alcaldes, concejales y diputados provinciales<\/strong>, todos independientes y provenientes de cada rinc\u00f3n del pa\u00eds, se reunir\u00e1n para forjar una red municipalista cohesionada y din\u00e1mica.<\/p>\n\n\n\n<p>Una cita a la que ya han anunciado su asistencia partidos como Porvenir de Cortes de Pall\u00e1s, desde donde su portavoz en el plenario local y concejal de Urbanismo, David Herrera, ha destacado \u00abla importancia de una reuni\u00f3n de este tipo a nivel nacional, en la que vamos a participar partidos independientes y municipalistas como Porvenir\u00bb. <\/p>\n\n\n\n<p>El prop\u00f3sito de esta convenci\u00f3n es trascender las barreras geogr\u00e1ficas y partidistas, abordando de frente los desaf\u00edos que enfrenta el municipalismo en la actualidad. Para eso, se han programado tres mesas redondas que servir\u00e1n como plataforma para el intercambio de ideas y la identificaci\u00f3n de estrategias conjuntas. El enfoque central estar\u00e1 en la <strong>creaci\u00f3n de sinergias que fortalezcan el movimiento municipalista a nivel estatal<\/strong>.<\/p>\n\n\n\n<p>La <strong>asistencia presencial de m\u00e1s de 500 cargos electos independientes de toda Espa\u00f1a <\/strong>confirma el compromiso y la determinaci\u00f3n de esta iniciativa. Su objetivo es establecer los cimientos de una confederaci\u00f3n estatal que aglutine a los partidos y agrupaciones independientes de car\u00e1cter municipalista, preservando la autonom\u00eda de cada grupo.<\/p>\n\n\n\n<p>\u00abSomos miles de representantes independientes que nos negamos a quedar en la periferia de la pol\u00edtica. Debemos coordinarnos para potenciar nuestra voz y nuestra influencia, ya que juntos representamos una fuerza pol\u00edtica significativa en nuestro pa\u00eds\u00bb, expresan los promotores del proyecto. La futura confederaci\u00f3n municipalista aspira a <strong>representar inicialmente a m\u00e1s de 1500 cargos electos independientes, distribuidos en aproximadamente 300 grupos pol\u00edticos distintos<\/strong>.<\/p>\n\n\n\n<p>Uno de los retos que se han marcado los promotores de esta iniciativa es la <strong>creaci\u00f3n de coaliciones electorales en las diferentes provincias cara al 2027 para lograr obtener representaci\u00f3n en el mayor n\u00famero de diputaciones provinciales posibles <\/strong>(en este momento hay representaci\u00f3n en las diputaciones de C\u00e1diz, Valencia, Palencia, Zamora, Burgos y Girona). Adem\u00e1s, se busca la <strong>inserci\u00f3n del municipalismo independiente en instituciones clave como la Federaci\u00f3n Espa\u00f1ola de Municipios y Provincias (FEMP), as\u00ed como en las federaciones auton\u00f3micas de municipios y provincias<\/strong>.<\/p>\n\n\n\n<p>\u00bbHay miles de cargos electos de car\u00e1cter independiente en toda Espa\u00f1a, que <strong>no estamos ni queremos estar en disciplinas de grandes partidos<\/strong>. Muchas veces nos encontramos en soledad frente a las grandes maquinarias de partidos y hemos de ser capaces de coordinarnos y hacer valer la fuerza que tenemos, pues juntos somos la tercera fuerza pol\u00edtica en nuestro pa\u00eds\u00bb, prosiguen las fuentes.<\/p>\n\n\n\n<p>El impulso y la unidad demostrados en esta convenci\u00f3n marcan <strong>un hito en la evoluci\u00f3n del municipalismo espa\u00f1ol<\/strong>, consolidando su papel como actor relevante en el panorama pol\u00edtico nacional.<\/p>\n","protected":false},"excerpt":{"rendered":"<div class=\"mh-excerpt\">Este pr\u00f3ximo, s\u00e1bado 24 de febrero, el Novotel Madrid Center, en la calle O&#8217;Donnell no 53, ser\u00e1 el epicentro de un encuentro hist\u00f3rico para el municipalismo espa\u00f1ol. M\u00e1s de 500 alcaldes, concejales y diputados provinciales, <a class=\"mh-excerpt-more\" href=\"https:\/\/www.tucomarca.com\/wordpress\/segunda\/porvernir-de-cortes-de-pallas-participara-en-la-reunion-de-mas-de-500-cargos-electos-independientes-de-toda-espana-para-crear-una-red-municipalista\/\" title=\"Porvernir de Cortes de Pall\u00e1s participar\u00e1 en la reuni\u00f3n de m\u00e1s de 500 cargos electos independientes de toda Espa\u00f1a para crear una red municipalista\">[+] <\/a><\/div>\n","protected":false},"author":1,"featured_media":211871,"comment_status":"open","ping_status":"open","sticky":false,"template":"","format":"standard","meta":{"footnotes":""},"categories":[4,38,40,128,8,72,142,3],"tags":[10540,10392],"class_list":{"0":"post-211860","1":"post","2":"type-post","3":"status-publish","4":"format-standard","5":"has-post-thumbnail","7":"category-agenda","8":"category-ayora-cofrentes","9":"category-cortes-de-pallas","10":"category-infraestructuras","11":"category-la-comarca","12":"category-sin-categorizar","13":"category-politica-la-comarca","14":"category-seccion","15":"tag-ayora-cofrentes","16":"tag-cortes-de-pallas"},"_links":{"self":[{"href":"https:\/\/www.tucomarca.com\/wordpress\/segunda\/wp-json\/wp\/v2\/posts\/211860","targetHints":{"allow":["GET"]}}],"collection":[{"href":"https:\/\/www.tucomarca.com\/wordpress\/segunda\/wp-json\/wp\/v2\/posts"}],"about":[{"href":"https:\/\/www.tucomarca.com\/wordpress\/segunda\/wp-json\/wp\/v2\/types\/post"}],"author":[{"embeddable":true,"href":"https:\/\/www.tucomarca.com\/wordpress\/segunda\/wp-json\/wp\/v2\/users\/1"}],"replies":[{"embeddable":true,"href":"https:\/\/www.tucomarca.com\/wordpress\/segunda\/wp-json\/wp\/v2\/comments?post=211860"}],"version-history":[{"count":0,"href":"https:\/\/www.tucomarca.com\/wordpress\/segunda\/wp-json\/wp\/v2\/posts\/211860\/revisions"}],"wp:featuredmedia":[{"embeddable":true,"href":"https:\/\/www.tucomarca.com\/wordpress\/segunda\/wp-json\/wp\/v2\/media\/211871"}],"wp:attachment":[{"href":"https:\/\/www.tucomarca.com\/wordpress\/segunda\/wp-json\/wp\/v2\/media?parent=211860"}],"wp:term":[{"taxonomy":"category","embeddable":true,"href":"https:\/\/www.tucomarca.com\/wordpress\/segunda\/wp-json\/wp\/v2\/categories?post=211860"},{"taxonomy":"post_tag","embeddable":true,"href":"https:\/\/www.tucomarca.com\/wordpress\/segunda\/wp-json\/wp\/v2\/tags?post=211860"}],"curies":[{"name":"wp","href":"https:\/\/api.w.org\/{rel}","templated":true}]}}