{"id":21216,"date":"2013-12-20T16:35:58","date_gmt":"2013-12-20T13:35:58","guid":{"rendered":"http:\/\/www.tucomarca.com\/wordpress\/segunda\/?p=21216"},"modified":"2013-12-20T16:36:04","modified_gmt":"2013-12-20T13:36:04","slug":"la-pobla-de-vallbona-inaugura-el-nuevo-vial-de-la-zona-residencial-y-comercial-%c2%abel-osito%c2%bb","status":"publish","type":"post","link":"https:\/\/www.tucomarca.com\/wordpress\/segunda\/la-pobla-de-vallbona-inaugura-el-nuevo-vial-de-la-zona-residencial-y-comercial-%c2%abel-osito%c2%bb\/","title":{"rendered":"La Pobla de Vallbona inaugura el nuevo vial de la zona residencial y comercial \u00abEl Osito\u00bb"},"content":{"rendered":"<p><figure id=\"attachment_21217\" aria-describedby=\"caption-attachment-21217\" style=\"width: 300px\" class=\"wp-caption alignleft\"><a href=\"https:\/\/www.tucomarca.com\/wordpress\/segunda\/?attachment_id=21217\" rel=\"attachment wp-att-21217\"><img loading=\"lazy\" decoding=\"async\" src=\"https:\/\/www.tucomarca.com\/wordpress\/segunda\/wp-content\/uploads\/2013\/12\/vial-300x215.jpg\" alt=\"\" title=\"vial\" width=\"300\" height=\"215\" class=\"size-medium wp-image-21217\" srcset=\"https:\/\/www.tucomarca.com\/wordpress\/segunda\/wp-content\/uploads\/2013\/12\/vial-300x215.jpg 300w, https:\/\/www.tucomarca.com\/wordpress\/segunda\/wp-content\/uploads\/2013\/12\/vial-1024x735.jpg 1024w\" sizes=\"auto, (max-width: 300px) 100vw, 300px\" \/><\/a><figcaption id=\"caption-attachment-21217\" class=\"wp-caption-text\">Aspecto del nuevo vial de la zona del Osito. tc.c<\/figcaption><\/figure>El Ayuntamiento de la Pobla de Vallbona ha inaugurado el nuevo vial que une la zona residencial del sector SRC-IBM, situada junto al parque comercial de El Osito, con la carretera de la Pobla de Vallbona \u2013 l\u2019Eliana. El acto ha estado presidido por la alcaldesa de la Pobla de Vallbona, Mari Carmen Contelles, y ha contado con la presencia de representantes de la Corporaci\u00f3n Municipal, miembros de la empresa que ha llevado a cabo la obra, representantes de las empresas de la zona y vecinos.<br \/>\nEste vial se extiende desde la rotonda de acceso a la empresa Celestica hasta la rotonda de la carretera la Pobla \u2013 l\u2019Eliana. A partir de hoy conectar\u00e1 de manera eficiente varios puntos clave del t\u00e9rmino municipal, como son la zona comercial de El Osito, la zona industrial del pol\u00edgono Mas de Tous y las zonas residenciales situadas cerca de esta zona, como son las del sector SRC-IBM o las de la zona sur del municipio.<br \/>\nLas obras han consistido en repavimentar el vial existente, ensanchar la calzada y los arcenes, dot\u00e1ndolos de aceras y construir un nuevo tramo de carril bici con alumbrado p\u00fablico. Se han acondicionado las zonas verdes anexas y se han realizado trabajos para el encauzamiento de las aguas pluviales hasta cruzar la carretera CV-375. En este sentido se ha realizado una canalizaci\u00f3n important\u00edsima para la zona, ya que se ha conectado el barranco de Bono (t\u00e9rmino municipal de la Pobla) con el barranco de Mandor (l\u2019Eliana). El presupuesto de las obras ha sido de 1.136.418\u201975 euros.<br \/>\nPor otra parte tambi\u00e9n se ha creado un sendero peatonal dentro de la zona verde, conectado con el n\u00facleo residencial para que los vecino puedan acceder a la misma y pasear por ella.<br \/>\nLa alcaldesa de la Pobla de Vallbona, Mari Carmen Contelles, ha manifestado durante el acto de inauguraci\u00f3n que \u201cse trata de unos accesos de extraordinaria calidad, a todos los niveles. Este vial supone una conexi\u00f3n de gran importancia tanto para las zonas residenciales como a las zonas comerciales e industriales, respondiendo a la necesidad de nuestros vecinos y mejorando la competitividad del tejido empresarial.\u201d<br \/>\nContelles ha querido destacar tambi\u00e9n que \u201chemos cumplido los plazos de ejecuci\u00f3n de las obras que nos hab\u00edamos marcado, ya que quer\u00edamos poner en marcha el nuevo vial antes de que acabara el a\u00f1o y, gracias al trabajo de todos, as\u00ed ha sido.\u201d<\/p>\n","protected":false},"excerpt":{"rendered":"<div class=\"mh-excerpt\">El Ayuntamiento de la Pobla de Vallbona ha inaugurado el nuevo vial que une la zona residencial del sector SRC-IBM, situada junto al parque comercial de El Osito, con la carretera de la Pobla de <a class=\"mh-excerpt-more\" href=\"https:\/\/www.tucomarca.com\/wordpress\/segunda\/la-pobla-de-vallbona-inaugura-el-nuevo-vial-de-la-zona-residencial-y-comercial-%c2%abel-osito%c2%bb\/\" title=\"La Pobla de Vallbona inaugura el nuevo vial de la zona residencial y comercial \u00abEl Osito\u00bb\">[+] <\/a><\/div>\n","protected":false},"author":2,"featured_media":21217,"comment_status":"open","ping_status":"open","sticky":false,"template":"","format":"standard","meta":{"footnotes":""},"categories":[46,128,8,174,3],"tags":[2740,1084,10430,2741],"class_list":{"0":"post-21216","1":"post","2":"type-post","3":"status-publish","4":"format-standard","5":"has-post-thumbnail","7":"category-camp-de-turia","8":"category-infraestructuras","9":"category-la-comarca","10":"category-la-pobla","11":"category-seccion","12":"tag-el-osito","13":"tag-inauguracion","14":"tag-la-pobla","15":"tag-nuevo-vial"},"_links":{"self":[{"href":"https:\/\/www.tucomarca.com\/wordpress\/segunda\/wp-json\/wp\/v2\/posts\/21216","targetHints":{"allow":["GET"]}}],"collection":[{"href":"https:\/\/www.tucomarca.com\/wordpress\/segunda\/wp-json\/wp\/v2\/posts"}],"about":[{"href":"https:\/\/www.tucomarca.com\/wordpress\/segunda\/wp-json\/wp\/v2\/types\/post"}],"author":[{"embeddable":true,"href":"https:\/\/www.tucomarca.com\/wordpress\/segunda\/wp-json\/wp\/v2\/users\/2"}],"replies":[{"embeddable":true,"href":"https:\/\/www.tucomarca.com\/wordpress\/segunda\/wp-json\/wp\/v2\/comments?post=21216"}],"version-history":[{"count":0,"href":"https:\/\/www.tucomarca.com\/wordpress\/segunda\/wp-json\/wp\/v2\/posts\/21216\/revisions"}],"wp:featuredmedia":[{"embeddable":true,"href":"https:\/\/www.tucomarca.com\/wordpress\/segunda\/wp-json\/wp\/v2\/media\/21217"}],"wp:attachment":[{"href":"https:\/\/www.tucomarca.com\/wordpress\/segunda\/wp-json\/wp\/v2\/media?parent=21216"}],"wp:term":[{"taxonomy":"category","embeddable":true,"href":"https:\/\/www.tucomarca.com\/wordpress\/segunda\/wp-json\/wp\/v2\/categories?post=21216"},{"taxonomy":"post_tag","embeddable":true,"href":"https:\/\/www.tucomarca.com\/wordpress\/segunda\/wp-json\/wp\/v2\/tags?post=21216"}],"curies":[{"name":"wp","href":"https:\/\/api.w.org\/{rel}","templated":true}]}}