{"id":212248,"date":"2024-02-25T14:00:00","date_gmt":"2024-02-25T13:00:00","guid":{"rendered":"https:\/\/www.tucomarca.com\/wordpress\/segunda\/?p=212248"},"modified":"2024-02-25T20:09:27","modified_gmt":"2024-02-25T19:09:27","slug":"una-menor-de-16-anos-muere-arrollada-por-un-coche-este-domingo-de-madrugada-en-la-puerta-de-una-discoteca-en-algemesi","status":"publish","type":"post","link":"https:\/\/www.tucomarca.com\/wordpress\/segunda\/una-menor-de-16-anos-muere-arrollada-por-un-coche-este-domingo-de-madrugada-en-la-puerta-de-una-discoteca-en-algemesi\/","title":{"rendered":"Una menor de 16 a\u00f1os muere arrollada por un coche este domingo de madrugada en la puerta de una discoteca en Algemes\u00ed\u00a0"},"content":{"rendered":"\n<h3 class=\"wp-block-heading\">El conductor del veh\u00edculo es un var\u00f3n de 19 a\u00f1os que se encuentra detenido como presunto autor del homicidio.<\/h3>\n\n\n\n<h3 class=\"wp-block-heading\">El consistorio declara el luto oficial en la localidad este lunes, 26 de febrero, y se convocar\u00e1 a la ciudadan\u00eda a un minuto de silencio a las 12,00 horas en la puerta del ayuntamiento.<\/h3>\n\n\n\n<p>Una joven de 16 a\u00f1os ha fallecido en la madrugada de este domingo, 25 de febrero, en Algemes\u00ed. Las informaciones del Centro de Informaci\u00f3n y Coordinaci\u00f3n de Urgencias apuntan que el tr\u00e1gico suceso se ha producido a las 5,40 horas cuando un coche atropellaba a la menor a las puertas de la \u00fanica discoteca de la localidad, en la Ronda Calvari.<\/p>\n\n\n\n<p>Se han hecho cargo de las investigaciones los agentes de la Polic\u00eda Nacional del Grupo de Homicidios y de Polic\u00eda Cient\u00edfica de Valencia, apoyados desde la Comisar\u00eda de Alzira-Algemes\u00ed. El conductor del veh\u00edculo, un var\u00f3n de 19 a\u00f1os, de nacionalidad argelina, se encuentra detenido como presunto autor del homicidio.<\/p>\n\n\n\n<p>Hasta el lugar se moviliz\u00f3 una unidad del SAMU, una unidad de soporte vital b\u00e1sico y m\u00e9dico de Atenci\u00f3n Primaria. A su llegada inici\u00f3 la reanimaci\u00f3n cardiopulmonar b\u00e1sica a la menor, que continu\u00f3 con la reanimaci\u00f3n cardiopulmonar avanzada y otras t\u00e9cnicas de soporte vital avanzado pero no hubo respuesta y confirmaron su fallecimiento.<\/p>\n\n\n\n<p>El alcalde de la localidad, Jos\u00e9 Javier Sanchis, ha mostrado su consternaci\u00f3n por el suceso y el consistorio declara el luto oficial en la poblaci\u00f3n este lunes, 26 de febrero, y se convocar\u00e1 a la ciudadan\u00eda a un minuto de silencio a las 12,00 horas en la puerta del ayuntamiento.<\/p>\n","protected":false},"excerpt":{"rendered":"<div class=\"mh-excerpt\">El conductor del veh\u00edculo es un var\u00f3n de 19 a\u00f1os que se encuentra detenido como presunto autor del homicidio. El consistorio declara el luto oficial en la localidad este lunes, 26 de febrero, y se <a class=\"mh-excerpt-more\" href=\"https:\/\/www.tucomarca.com\/wordpress\/segunda\/una-menor-de-16-anos-muere-arrollada-por-un-coche-este-domingo-de-madrugada-en-la-puerta-de-una-discoteca-en-algemesi\/\" title=\"Una menor de 16 a\u00f1os muere arrollada por un coche este domingo de madrugada en la puerta de una discoteca en Algemes\u00ed\u00a0\">[+] <\/a><\/div>\n","protected":false},"author":12,"featured_media":212253,"comment_status":"open","ping_status":"open","sticky":false,"template":"","format":"standard","meta":{"footnotes":""},"categories":[99,8,42,3,116,45],"tags":[10409,930,1407,10572],"class_list":{"0":"post-212248","1":"post","2":"type-post","3":"status-publish","4":"format-standard","5":"has-post-thumbnail","7":"category-algemesi","8":"category-la-comarca","9":"category-la-ribera","10":"category-seccion","11":"category-sucesos-la-comarca","12":"category-ventana","13":"tag-algemesi","14":"tag-atropello","15":"tag-ribera-alta","16":"tag-samu"},"_links":{"self":[{"href":"https:\/\/www.tucomarca.com\/wordpress\/segunda\/wp-json\/wp\/v2\/posts\/212248","targetHints":{"allow":["GET"]}}],"collection":[{"href":"https:\/\/www.tucomarca.com\/wordpress\/segunda\/wp-json\/wp\/v2\/posts"}],"about":[{"href":"https:\/\/www.tucomarca.com\/wordpress\/segunda\/wp-json\/wp\/v2\/types\/post"}],"author":[{"embeddable":true,"href":"https:\/\/www.tucomarca.com\/wordpress\/segunda\/wp-json\/wp\/v2\/users\/12"}],"replies":[{"embeddable":true,"href":"https:\/\/www.tucomarca.com\/wordpress\/segunda\/wp-json\/wp\/v2\/comments?post=212248"}],"version-history":[{"count":0,"href":"https:\/\/www.tucomarca.com\/wordpress\/segunda\/wp-json\/wp\/v2\/posts\/212248\/revisions"}],"wp:featuredmedia":[{"embeddable":true,"href":"https:\/\/www.tucomarca.com\/wordpress\/segunda\/wp-json\/wp\/v2\/media\/212253"}],"wp:attachment":[{"href":"https:\/\/www.tucomarca.com\/wordpress\/segunda\/wp-json\/wp\/v2\/media?parent=212248"}],"wp:term":[{"taxonomy":"category","embeddable":true,"href":"https:\/\/www.tucomarca.com\/wordpress\/segunda\/wp-json\/wp\/v2\/categories?post=212248"},{"taxonomy":"post_tag","embeddable":true,"href":"https:\/\/www.tucomarca.com\/wordpress\/segunda\/wp-json\/wp\/v2\/tags?post=212248"}],"curies":[{"name":"wp","href":"https:\/\/api.w.org\/{rel}","templated":true}]}}