{"id":212273,"date":"2024-02-25T18:00:00","date_gmt":"2024-02-25T17:00:00","guid":{"rendered":"https:\/\/www.tucomarca.com\/wordpress\/segunda\/?p=212273"},"modified":"2024-02-25T19:37:11","modified_gmt":"2024-02-25T18:37:11","slug":"los-bomberos-rescatan-en-helicoptero-a-una-joven-lesionada-en-el-charco-azul-de-chulilla","status":"publish","type":"post","link":"https:\/\/www.tucomarca.com\/wordpress\/segunda\/los-bomberos-rescatan-en-helicoptero-a-una-joven-lesionada-en-el-charco-azul-de-chulilla\/","title":{"rendered":"Los bomberos rescatan en helic\u00f3ptero a una joven lesionada en el Charco Azul de Chulilla"},"content":{"rendered":"\n<p>Efectivos del Grupo de Rescate en Altura (GERA) del Consorcio Provincial de Bomberos de Valencia han rescatado en helic\u00f3ptero este domingo alrededor de las 16,30 horas a una joven que se hab\u00eda lesionado en el pie mientras transitaba por el Charco Azul de Chilla.<\/p>\n\n\n\n<p>El rescate se ha llevado a cabo mediante el helic\u00f3ptero V-990 del consorcio Provincial de Bomberos que cuenta con un m\u00e9dico, adem\u00e1s de con un coordinador forestal del Consorcio y una unidad de Bomberos de la Genealitat Valenciana.<\/p>\n\n\n\n<p>La joven herida ha sido evacuada por v\u00eda a\u00e9rea hasta el hospital de Ll\u00edria y all\u00ed transferida a los medios sanitarios.<\/p>\n\n\n\n<figure class=\"wp-block-gallery has-nested-images columns-1 is-cropped wp-block-gallery-1 is-layout-flex wp-block-gallery-is-layout-flex\">\n<figure class=\"wp-block-image size-large\"><img loading=\"lazy\" decoding=\"async\" width=\"1600\" height=\"1115\" data-id=\"212278\" src=\"https:\/\/www.tucomarca.com\/wordpress\/segunda\/wp-content\/uploads\/2024\/02\/ChulillaBomberos2.jpg\" alt=\"\" class=\"wp-image-212278\" srcset=\"https:\/\/www.tucomarca.com\/wordpress\/segunda\/wp-content\/uploads\/2024\/02\/ChulillaBomberos2.jpg 1600w, https:\/\/www.tucomarca.com\/wordpress\/segunda\/wp-content\/uploads\/2024\/02\/ChulillaBomberos2-300x209.jpg 300w, https:\/\/www.tucomarca.com\/wordpress\/segunda\/wp-content\/uploads\/2024\/02\/ChulillaBomberos2-1024x714.jpg 1024w, https:\/\/www.tucomarca.com\/wordpress\/segunda\/wp-content\/uploads\/2024\/02\/ChulillaBomberos2-768x535.jpg 768w, https:\/\/www.tucomarca.com\/wordpress\/segunda\/wp-content\/uploads\/2024\/02\/ChulillaBomberos2-1536x1070.jpg 1536w\" sizes=\"auto, (max-width: 1600px) 100vw, 1600px\" \/><\/figure>\n\n\n\n<figure class=\"wp-block-image size-large\"><img loading=\"lazy\" decoding=\"async\" width=\"1600\" height=\"1164\" data-id=\"212276\" src=\"https:\/\/www.tucomarca.com\/wordpress\/segunda\/wp-content\/uploads\/2024\/02\/ChulillaBomberos3.jpg\" alt=\"\" class=\"wp-image-212276\" srcset=\"https:\/\/www.tucomarca.com\/wordpress\/segunda\/wp-content\/uploads\/2024\/02\/ChulillaBomberos3.jpg 1600w, https:\/\/www.tucomarca.com\/wordpress\/segunda\/wp-content\/uploads\/2024\/02\/ChulillaBomberos3-300x218.jpg 300w, https:\/\/www.tucomarca.com\/wordpress\/segunda\/wp-content\/uploads\/2024\/02\/ChulillaBomberos3-1024x745.jpg 1024w, https:\/\/www.tucomarca.com\/wordpress\/segunda\/wp-content\/uploads\/2024\/02\/ChulillaBomberos3-768x559.jpg 768w, https:\/\/www.tucomarca.com\/wordpress\/segunda\/wp-content\/uploads\/2024\/02\/ChulillaBomberos3-1536x1117.jpg 1536w\" sizes=\"auto, (max-width: 1600px) 100vw, 1600px\" \/><\/figure>\n<\/figure>\n","protected":false},"excerpt":{"rendered":"<div class=\"mh-excerpt\">Efectivos del Grupo de Rescate en Altura (GERA) del Consorcio Provincial de Bomberos de Valencia han rescatado en helic\u00f3ptero este domingo alrededor de las 16,30 horas a una joven que se hab\u00eda lesionado en el <a class=\"mh-excerpt-more\" href=\"https:\/\/www.tucomarca.com\/wordpress\/segunda\/los-bomberos-rescatan-en-helicoptero-a-una-joven-lesionada-en-el-charco-azul-de-chulilla\/\" title=\"Los bomberos rescatan en helic\u00f3ptero a una joven lesionada en el Charco Azul de Chulilla\">[+] <\/a><\/div>\n","protected":false},"author":1,"featured_media":212280,"comment_status":"open","ping_status":"open","sticky":false,"template":"","format":"gallery","meta":{"footnotes":""},"categories":[192,128,8,72,59,117,3,116,45],"tags":[12830,3912,10400,33],"class_list":{"0":"post-212273","1":"post","2":"type-post","3":"status-publish","4":"format-gallery","5":"has-post-thumbnail","7":"category-chulilla","8":"category-infraestructuras","9":"category-la-comarca","10":"category-sin-categorizar","11":"category-los-serranos","12":"category-medio-ambiente-la-comarca","13":"category-seccion","14":"category-sucesos-la-comarca","15":"category-ventana","16":"tag-consorcio-provincial-de-bomberos-de-valencia","17":"tag-la-serrania","18":"tag-los-serranos","19":"tag-sucesos","20":"post_format-post-format-gallery"},"_links":{"self":[{"href":"https:\/\/www.tucomarca.com\/wordpress\/segunda\/wp-json\/wp\/v2\/posts\/212273","targetHints":{"allow":["GET"]}}],"collection":[{"href":"https:\/\/www.tucomarca.com\/wordpress\/segunda\/wp-json\/wp\/v2\/posts"}],"about":[{"href":"https:\/\/www.tucomarca.com\/wordpress\/segunda\/wp-json\/wp\/v2\/types\/post"}],"author":[{"embeddable":true,"href":"https:\/\/www.tucomarca.com\/wordpress\/segunda\/wp-json\/wp\/v2\/users\/1"}],"replies":[{"embeddable":true,"href":"https:\/\/www.tucomarca.com\/wordpress\/segunda\/wp-json\/wp\/v2\/comments?post=212273"}],"version-history":[{"count":0,"href":"https:\/\/www.tucomarca.com\/wordpress\/segunda\/wp-json\/wp\/v2\/posts\/212273\/revisions"}],"wp:featuredmedia":[{"embeddable":true,"href":"https:\/\/www.tucomarca.com\/wordpress\/segunda\/wp-json\/wp\/v2\/media\/212280"}],"wp:attachment":[{"href":"https:\/\/www.tucomarca.com\/wordpress\/segunda\/wp-json\/wp\/v2\/media?parent=212273"}],"wp:term":[{"taxonomy":"category","embeddable":true,"href":"https:\/\/www.tucomarca.com\/wordpress\/segunda\/wp-json\/wp\/v2\/categories?post=212273"},{"taxonomy":"post_tag","embeddable":true,"href":"https:\/\/www.tucomarca.com\/wordpress\/segunda\/wp-json\/wp\/v2\/tags?post=212273"}],"curies":[{"name":"wp","href":"https:\/\/api.w.org\/{rel}","templated":true}]}}