{"id":212541,"date":"2024-02-27T11:15:00","date_gmt":"2024-02-27T10:15:00","guid":{"rendered":"https:\/\/www.tucomarca.com\/wordpress\/segunda\/?p=212541"},"modified":"2024-02-27T20:06:22","modified_gmt":"2024-02-27T19:06:22","slug":"el-cd-bunol-incorpora-a-jorge-veintimilla-a-su-linea-de-ataque","status":"publish","type":"post","link":"https:\/\/www.tucomarca.com\/wordpress\/segunda\/el-cd-bunol-incorpora-a-jorge-veintimilla-a-su-linea-de-ataque\/","title":{"rendered":"El CD Bu\u00f1ol incorpora a Jorge Veintimilla a su l\u00ednea de ataque"},"content":{"rendered":"\n<p>La directiva del Club Deportivo Bu\u00f1ol ha anunciado estas semana el fichaje de un nuevo jugador para reforzar su l\u00ednea de ataque. Se trata de Jorge Veintimilla Mart\u00ednez (11 de abril de 2000), \u00abun medio centro ofensivo, que puede jugar tambi\u00e9n tanto de lateral como de extremo\u00bb, tal como han informado desde el CD Bu\u00f1ol.  <\/p>\n\n\n\n<p>Jorge Veintimilla proviene del equipo de Tercera Divisi\u00f3n CD Soneja, \u00abcon el que consigui\u00f3 la pasada temporada el ascenso y la copa. Tambi\u00e9n ha pasado por equipos como Recambios Col\u00f3n y CD Benicarl\u00f3, en Tercera Divisi\u00f3n; y lleg\u00f3 a debutar con el CD Castell\u00f3n en Segunda B\u00bb, seg\u00fan han destacado desde el club blanco.<\/p>\n\n\n\n<p>Se trata de un \u00abjugador joven y habilidoso, que seguro har\u00e1 disfrutar a los aficionados del Beltr\u00e1n. Estamos muy contentos de que hayas apostado por el proyecto del CD Bu\u00f1ol. Jorge, bienvenido al infierno del Beltr\u00e1n\u00bb, han finalizado desde el club.<\/p>\n","protected":false},"excerpt":{"rendered":"<div class=\"mh-excerpt\">La directiva del Club Deportivo Bu\u00f1ol ha anunciado estas semana el fichaje de un nuevo jugador para reforzar su l\u00ednea de ataque. Se trata de Jorge Veintimilla Mart\u00ednez (11 de abril de 2000), \u00abun medio <a class=\"mh-excerpt-more\" href=\"https:\/\/www.tucomarca.com\/wordpress\/segunda\/el-cd-bunol-incorpora-a-jorge-veintimilla-a-su-linea-de-ataque\/\" title=\"El CD Bu\u00f1ol incorpora a Jorge Veintimilla a su l\u00ednea de ataque\">[+] <\/a><\/div>\n","protected":false},"author":1,"featured_media":212598,"comment_status":"open","ping_status":"open","sticky":false,"template":"","format":"standard","meta":{"footnotes":""},"categories":[18,50,6,10,3],"tags":[10385,8241,5952],"class_list":{"0":"post-212541","1":"post","2":"type-post","3":"status-publish","4":"format-standard","5":"has-post-thumbnail","7":"category-bunol","8":"category-futbol-deportes","9":"category-deportes","10":"category-la-hoya","11":"category-seccion","12":"tag-bunol","13":"tag-cd-bunol-fichajes","14":"tag-la-hoya-de-bunol-chiva"},"_links":{"self":[{"href":"https:\/\/www.tucomarca.com\/wordpress\/segunda\/wp-json\/wp\/v2\/posts\/212541","targetHints":{"allow":["GET"]}}],"collection":[{"href":"https:\/\/www.tucomarca.com\/wordpress\/segunda\/wp-json\/wp\/v2\/posts"}],"about":[{"href":"https:\/\/www.tucomarca.com\/wordpress\/segunda\/wp-json\/wp\/v2\/types\/post"}],"author":[{"embeddable":true,"href":"https:\/\/www.tucomarca.com\/wordpress\/segunda\/wp-json\/wp\/v2\/users\/1"}],"replies":[{"embeddable":true,"href":"https:\/\/www.tucomarca.com\/wordpress\/segunda\/wp-json\/wp\/v2\/comments?post=212541"}],"version-history":[{"count":0,"href":"https:\/\/www.tucomarca.com\/wordpress\/segunda\/wp-json\/wp\/v2\/posts\/212541\/revisions"}],"wp:featuredmedia":[{"embeddable":true,"href":"https:\/\/www.tucomarca.com\/wordpress\/segunda\/wp-json\/wp\/v2\/media\/212598"}],"wp:attachment":[{"href":"https:\/\/www.tucomarca.com\/wordpress\/segunda\/wp-json\/wp\/v2\/media?parent=212541"}],"wp:term":[{"taxonomy":"category","embeddable":true,"href":"https:\/\/www.tucomarca.com\/wordpress\/segunda\/wp-json\/wp\/v2\/categories?post=212541"},{"taxonomy":"post_tag","embeddable":true,"href":"https:\/\/www.tucomarca.com\/wordpress\/segunda\/wp-json\/wp\/v2\/tags?post=212541"}],"curies":[{"name":"wp","href":"https:\/\/api.w.org\/{rel}","templated":true}]}}