{"id":212544,"date":"2024-02-27T11:00:00","date_gmt":"2024-02-27T10:00:00","guid":{"rendered":"https:\/\/www.tucomarca.com\/wordpress\/segunda\/?p=212544"},"modified":"2024-02-27T11:39:57","modified_gmt":"2024-02-27T10:39:57","slug":"mas-de-130-personas-reciben-atencion-del-servicio-de-informacion-en-materia-de-ayudas-a-la-vivienda-de-la-mancomunidad-hoya-de-bunol-chiva","status":"publish","type":"post","link":"https:\/\/www.tucomarca.com\/wordpress\/segunda\/mas-de-130-personas-reciben-atencion-del-servicio-de-informacion-en-materia-de-ayudas-a-la-vivienda-de-la-mancomunidad-hoya-de-bunol-chiva\/","title":{"rendered":"M\u00e1s de 130 personas reciben atenci\u00f3n del servicio de informaci\u00f3n en materia de ayudas a la vivienda de la Mancomunidad Hoya de Bu\u00f1ol-Chiva"},"content":{"rendered":"\n<p>La Mancomunidad de la Hoya de Bu\u00f1ol-Chiva cuenta con un servicio de informaci\u00f3n en materia de ayudas para la mejora de viviendas.<\/p>\n\n\n\n<p>Desde abril de 2023 m\u00e1s de 130 personas han contado con el apoyo de este servicio y se han beneficiado de fondos europeos, nacionales y auton\u00f3micos. Este servicio est\u00e1 adem\u00e1s orientado a&nbsp; fomentar el empleo en la comarca a la vez que atrae subvenciones a la ciudadan\u00eda.<\/p>\n\n\n\n<p>Desde la Mancomunidad se informa, de forma personalizada sobre ayudas a la rehabilitaci\u00f3n, accesibilidad, reforma de cocinas y ba\u00f1os, compra de vivienda joven, instalaci\u00f3n de placas solares, aerotermia, etc.&nbsp;<\/p>\n\n\n\n<p>&nbsp;Las personas interesadas pueden solicitar informaci\u00f3n en el tel\u00e9fono&nbsp;96 250 48 87 o en <a href=\"mailto:info.empace@mchoya.es\">info.empace@mchoya.es<\/a><\/p>\n\n\n\n<p>Servicio desarrollado gracias al Programa fomento de actuaciones de los Acuerdos Territoriales en materia de empleo y desarrollo local.<\/p>\n","protected":false},"excerpt":{"rendered":"<div class=\"mh-excerpt\">La Mancomunidad de la Hoya de Bu\u00f1ol-Chiva cuenta con un servicio de informaci\u00f3n en materia de ayudas para la mejora de viviendas. Desde abril de 2023 m\u00e1s de 130 personas han contado con el apoyo <a class=\"mh-excerpt-more\" href=\"https:\/\/www.tucomarca.com\/wordpress\/segunda\/mas-de-130-personas-reciben-atencion-del-servicio-de-informacion-en-materia-de-ayudas-a-la-vivienda-de-la-mancomunidad-hoya-de-bunol-chiva\/\" title=\"M\u00e1s de 130 personas reciben atenci\u00f3n del servicio de informaci\u00f3n en materia de ayudas a la vivienda de la Mancomunidad Hoya de Bu\u00f1ol-Chiva\">[+] <\/a><\/div>\n","protected":false},"author":12,"featured_media":212549,"comment_status":"open","ping_status":"open","sticky":false,"template":"","format":"standard","meta":{"footnotes":""},"categories":[19,18,17,16,15,14,128,8,10,13,142,3,12,11],"tags":[5952,11513],"class_list":{"0":"post-212544","1":"post","2":"type-post","3":"status-publish","4":"format-standard","5":"has-post-thumbnail","7":"category-alborache","8":"category-bunol","9":"category-cheste","10":"category-chiva","11":"category-dos-aguas","12":"category-godelleta","13":"category-infraestructuras","14":"category-la-comarca","15":"category-la-hoya","16":"category-macastre","17":"category-politica-la-comarca","18":"category-seccion","19":"category-siete-aguas","20":"category-yatova","21":"tag-la-hoya-de-bunol-chiva","22":"tag-mancomunidad-de-la-hoya-de-bunol-chiva"},"_links":{"self":[{"href":"https:\/\/www.tucomarca.com\/wordpress\/segunda\/wp-json\/wp\/v2\/posts\/212544","targetHints":{"allow":["GET"]}}],"collection":[{"href":"https:\/\/www.tucomarca.com\/wordpress\/segunda\/wp-json\/wp\/v2\/posts"}],"about":[{"href":"https:\/\/www.tucomarca.com\/wordpress\/segunda\/wp-json\/wp\/v2\/types\/post"}],"author":[{"embeddable":true,"href":"https:\/\/www.tucomarca.com\/wordpress\/segunda\/wp-json\/wp\/v2\/users\/12"}],"replies":[{"embeddable":true,"href":"https:\/\/www.tucomarca.com\/wordpress\/segunda\/wp-json\/wp\/v2\/comments?post=212544"}],"version-history":[{"count":0,"href":"https:\/\/www.tucomarca.com\/wordpress\/segunda\/wp-json\/wp\/v2\/posts\/212544\/revisions"}],"wp:featuredmedia":[{"embeddable":true,"href":"https:\/\/www.tucomarca.com\/wordpress\/segunda\/wp-json\/wp\/v2\/media\/212549"}],"wp:attachment":[{"href":"https:\/\/www.tucomarca.com\/wordpress\/segunda\/wp-json\/wp\/v2\/media?parent=212544"}],"wp:term":[{"taxonomy":"category","embeddable":true,"href":"https:\/\/www.tucomarca.com\/wordpress\/segunda\/wp-json\/wp\/v2\/categories?post=212544"},{"taxonomy":"post_tag","embeddable":true,"href":"https:\/\/www.tucomarca.com\/wordpress\/segunda\/wp-json\/wp\/v2\/tags?post=212544"}],"curies":[{"name":"wp","href":"https:\/\/api.w.org\/{rel}","templated":true}]}}