{"id":212634,"date":"2024-02-27T12:00:00","date_gmt":"2024-02-27T11:00:00","guid":{"rendered":"https:\/\/www.tucomarca.com\/wordpress\/segunda\/?p=212634"},"modified":"2024-02-27T20:25:57","modified_gmt":"2024-02-27T19:25:57","slug":"la-falla-godayla-de-godelleta-abre-el-ciclo-de-celebracion-de-las-fiestas-fallleras-2024-en-la-hoya","status":"publish","type":"post","link":"https:\/\/www.tucomarca.com\/wordpress\/segunda\/la-falla-godayla-de-godelleta-abre-el-ciclo-de-celebracion-de-las-fiestas-fallleras-2024-en-la-hoya\/","title":{"rendered":"La Falla Godayla de Godelleta abre el ciclo de celebraci\u00f3n de las fiestas falleras 2024 en La Hoya"},"content":{"rendered":"\n<h3 class=\"wp-block-heading\">La comisi\u00f3n planta ma\u00f1ana sus fallas a las 18 horas en la plaza de Espa\u00f1a e hizo un tributo a los fallecidos del incendio de Campanar el pasado fin de semana.<\/h3>\n\n\n\n<p>La falla Godayla de Godelleta inicia ma\u00f1ana, 28 de febrero, el ciclo de las Fallas 2024 de la Comunidad Valenciana con la celebraci\u00f3n de sus fiestas falleras con la \u201cplanta\u201d de sus monumentos, grande e infantil, a las 18 horas en la plaza del Ayuntamiento y la crem\u00e0 el pr\u00f3ximo domingo por la tarde-noche. Godelleta es el primer municipio donde tienen lugar los festejos falleros del a\u00f1o completando el ciclo de planta, despert\u00e0, mascletaes, ofrenda a la patrona y crem\u00e0 antes de la realizaci\u00f3n de los actos grandes en las dem\u00e1s poblaciones valencianas, como Valencia, Torrent, Alzira.<\/p>\n\n\n\n<p>El presidente de la falla Francisco L. Mart\u00ednez ha afirmado que \u201cnuestras calles volver\u00e1n a brillar con el reflejo del sol en las manteletas de nuestras falleras, este a\u00f1o representadas por Elena Cervera Ruiz y Martina Camas Soldado, cuyas hermanas han desempe\u00f1ado el mismo cargo que ellas. De mano de nuestro pueblo, nuestro ayuntamiento, la uni\u00f3n musical y todas las asociaciones de nuestra localidad y con su colaboraci\u00f3n, esperamos pasar unas fallas inolvidables, en armon\u00eda y germanor. Os pido una cosa nada m\u00e1s. Engalanad vuestros balcones con la Senyera y todo aquello donde anunciemos que estamos en Fallas, las de 2024\u201d.&nbsp;<\/p>\n\n\n\n<p>A Mart\u00ednez le acompa\u00f1ar\u00e1 estos d\u00edas, adem\u00e1s de las falleras mayores, el presidente infantil, Borja Sede\u00f1o Pastor, quienes presidieron con los componentes de la falla un minuto de silencio por los fallecidos en el incendio del edificio del Pouet de Campanar y por las m\u00e1s del centenar de familias desalojadas.&nbsp;<\/p>\n\n\n\n<p>El artista fallero Arturo Vall\u00e9s Bea es el responsable de plantar en el municipio de La Hoya de Bunyol los dos monumentos el grande y el infantil, como realiza desde hace a\u00f1os. Este a\u00f1o el lema de la falla grande es \u201cLas tradiciones\u201d y el infantil \u201cEl ladr\u00f3n de Godayla\u201d.&nbsp;<\/p>\n\n\n\n<p>La Ofrenda de Flores a la patrona de la Comunidad Valenciana, la Virgen de los Desamparados, tendr\u00e1 lugar el s\u00e1bado a las 18,30 horas acompa\u00f1ados por la Uni\u00f3n Musical de Godelleta.<\/p>\n\n\n\n<p>La pirot\u00e9cnica Reyes Mart\u00ed de Burriana es la encargada de disparar los espect\u00e1culos pirot\u00e9cnicos del fin de semana y, evidentemente, de la crem\u00e0 de las fallas el domingo por la tarde-noche. A las 20 horas se quemar\u00e1 la falla infantil y a las 22,30 horas la falla grande.<\/p>\n","protected":false},"excerpt":{"rendered":"<div class=\"mh-excerpt\">La comisi\u00f3n planta ma\u00f1ana sus fallas a las 18 horas en la plaza de Espa\u00f1a e hizo un tributo a los fallecidos del incendio de Campanar el pasado fin de semana. La falla Godayla de <a class=\"mh-excerpt-more\" href=\"https:\/\/www.tucomarca.com\/wordpress\/segunda\/la-falla-godayla-de-godelleta-abre-el-ciclo-de-celebracion-de-las-fiestas-fallleras-2024-en-la-hoya\/\" title=\"La Falla Godayla de Godelleta abre el ciclo de celebraci\u00f3n de las fiestas falleras 2024 en La Hoya\">[+] <\/a><\/div>\n","protected":false},"author":12,"featured_media":212636,"comment_status":"open","ping_status":"open","sticky":false,"template":"","format":"standard","meta":{"footnotes":""},"categories":[4,14,8,10,7,3],"tags":[18798,10383,5952],"class_list":{"0":"post-212634","1":"post","2":"type-post","3":"status-publish","4":"format-standard","5":"has-post-thumbnail","7":"category-agenda","8":"category-godelleta","9":"category-la-comarca","10":"category-la-hoya","11":"category-ocio-y-cultura","12":"category-seccion","13":"tag-falla-godayla","14":"tag-godelleta","15":"tag-la-hoya-de-bunol-chiva"},"_links":{"self":[{"href":"https:\/\/www.tucomarca.com\/wordpress\/segunda\/wp-json\/wp\/v2\/posts\/212634","targetHints":{"allow":["GET"]}}],"collection":[{"href":"https:\/\/www.tucomarca.com\/wordpress\/segunda\/wp-json\/wp\/v2\/posts"}],"about":[{"href":"https:\/\/www.tucomarca.com\/wordpress\/segunda\/wp-json\/wp\/v2\/types\/post"}],"author":[{"embeddable":true,"href":"https:\/\/www.tucomarca.com\/wordpress\/segunda\/wp-json\/wp\/v2\/users\/12"}],"replies":[{"embeddable":true,"href":"https:\/\/www.tucomarca.com\/wordpress\/segunda\/wp-json\/wp\/v2\/comments?post=212634"}],"version-history":[{"count":0,"href":"https:\/\/www.tucomarca.com\/wordpress\/segunda\/wp-json\/wp\/v2\/posts\/212634\/revisions"}],"wp:featuredmedia":[{"embeddable":true,"href":"https:\/\/www.tucomarca.com\/wordpress\/segunda\/wp-json\/wp\/v2\/media\/212636"}],"wp:attachment":[{"href":"https:\/\/www.tucomarca.com\/wordpress\/segunda\/wp-json\/wp\/v2\/media?parent=212634"}],"wp:term":[{"taxonomy":"category","embeddable":true,"href":"https:\/\/www.tucomarca.com\/wordpress\/segunda\/wp-json\/wp\/v2\/categories?post=212634"},{"taxonomy":"post_tag","embeddable":true,"href":"https:\/\/www.tucomarca.com\/wordpress\/segunda\/wp-json\/wp\/v2\/tags?post=212634"}],"curies":[{"name":"wp","href":"https:\/\/api.w.org\/{rel}","templated":true}]}}