{"id":212804,"date":"2024-02-28T08:30:00","date_gmt":"2024-02-28T07:30:00","guid":{"rendered":"https:\/\/www.tucomarca.com\/wordpress\/segunda\/?p=212804"},"modified":"2024-02-28T21:36:39","modified_gmt":"2024-02-28T20:36:39","slug":"la-plataforma-para-la-defensa-del-sector-primario-de-utiel-requena-y-plataforma-agricola-6f-convocan-una-tractorada-en-valencia","status":"publish","type":"post","link":"https:\/\/www.tucomarca.com\/wordpress\/segunda\/la-plataforma-para-la-defensa-del-sector-primario-de-utiel-requena-y-plataforma-agricola-6f-convocan-una-tractorada-en-valencia\/","title":{"rendered":"La Plataforma para la defensa del sector primario de Utiel-Requena y plataforma agr\u00edcola 6F convocan una tractorada en Valencia"},"content":{"rendered":"\n<p>La Plataforma para la Defensa del Sector Primario de Utiel-Requena y la Plataforma Agr\u00edcola 6F han convocado para ma\u00f1ana, 29 de febrero, una tractoradas con direcci\u00f3n Valencia. Cabe recordar que en principio estaba prevista para el lunes, 26 de febrero, pero fue aplazada por el incendio ocurrido en el barrio de Campanar de Valencia.<\/p>\n\n\n\n<p>&nbsp;El horario es el siguiente:<\/p>\n\n\n\n<p>6.15 horas concentraci\u00f3n en hotel San Jos\u00e9, Requena.<\/p>\n\n\n\n<p>6.30 salida hacia Valencia.<\/p>\n\n\n\n<p>Ruta: Requena, Rebollar, Siete Aguas, N-III a Bu\u00f1ol,&nbsp; Alborache, Tur\u00eds, Torrent, Valencia.&nbsp;<\/p>\n\n\n\n<p>A las 11.00 horas en la Calle San Vicente, se unir\u00e1n&nbsp; los compa\u00f1eros de Vall D\u2019Uix\u00f3.&nbsp;<\/p>\n\n\n\n<p>Los que vengan en coche y quieran, se juntar\u00e1n con el resto en la calle San Vicente e iran en caravana hasta Delegaci\u00f3n de Gobierno.<\/p>\n\n\n\n<p>Desde la reci\u00e9n creada Plataforma por la Defensa del Sector Primario Utiel-Requena \u201cestamos trabajando paso a paso para reivindicar nuestros derechos y garantizar la seguridad alimentaria de todos, de nuestros hijos y de las siguientes generaciones\u201c recalcan representantes de la plataforma&nbsp; .<\/p>\n\n\n\n<p>\u201cSomos agricultores y ganaderos de toda la comarca, que nos hemos unido para realizar cualquier acci\u00f3n de forma legal. Es importante que no se nos confunda con otras plataformas ni asociaciones agrarias que quieren aprovecharse de lo que estamos consiguiendo\u201d.<\/p>\n\n\n\n<p>Desde la plataforma han querido dejar claro que \u201dla \u00fanica manifestaci\u00f3n autorizada por la Delegaci\u00f3n del Gobierno desde que empezamos las movilizaciones ser\u00e1 la de este jueves 29 de febrero en Valencia, saliendo con tractores y otros veh\u00edculos desde Requena\u201d.<\/p>\n\n\n\n<p>\u201cVamos a seguir luchando hasta que se valore la importancia de nuestro trabajo. Solo estamos pidiendo que os un\u00e1is firmando el documento de adhesi\u00f3n que est\u00e1 en todos los pueblos y quien quiera, puede comprar el chaleco para llevarlo en las manifestaciones\u201d afirman los representantes de la plataforma en un mensaje dirigido a los agricultores.<\/p>\n\n\n\n<p>Por su parte, la Plataforma de agricultores 6F ha convocado a los agricultores para ma\u00f1ana jueves, 29 de febrero, a las 10 horas en el paseo de la Alameda, para realizar una vehiculada en Valencia. Con los veh\u00edculos los agricultores recorrer\u00e1n en la capital del Turia, las siguientes zonas : Alameda, Puente del Real, Plaza de Tetu\u00e1n, Plaza del Mar, Col\u00f3n, Xativa, Guillem de Castro, Blanquer\u00edas, Conde Trenor, Pintor L\u00f3pez y Plaza del Temple.<\/p>\n\n\n\n<p>Desde la plataforma recuerdan a los participantes que \u201cla movilizaci\u00f3n es con veh\u00edculos (respetando la se\u00f1alizaci\u00f3n) con banderas de Espa\u00f1a o negra y acompa\u00f1adas de carteler\u00eda que pod\u00e9is poner en vuestros veh\u00edculos\u201d. Informa, <strong>Luis Ib\u00e1\u00f1ez.<\/strong><\/p>\n\n\n\n<figure class=\"wp-block-gallery has-nested-images columns-default is-cropped wp-block-gallery-1 is-layout-flex wp-block-gallery-is-layout-flex\">\n<figure class=\"wp-block-image size-large\"><img loading=\"lazy\" decoding=\"async\" width=\"886\" height=\"1575\" data-id=\"212807\" src=\"https:\/\/www.tucomarca.com\/wordpress\/segunda\/wp-content\/uploads\/2024\/02\/6FAgricult.jpg\" alt=\"\" class=\"wp-image-212807\" srcset=\"https:\/\/www.tucomarca.com\/wordpress\/segunda\/wp-content\/uploads\/2024\/02\/6FAgricult.jpg 886w, https:\/\/www.tucomarca.com\/wordpress\/segunda\/wp-content\/uploads\/2024\/02\/6FAgricult-169x300.jpg 169w, https:\/\/www.tucomarca.com\/wordpress\/segunda\/wp-content\/uploads\/2024\/02\/6FAgricult-576x1024.jpg 576w, https:\/\/www.tucomarca.com\/wordpress\/segunda\/wp-content\/uploads\/2024\/02\/6FAgricult-768x1365.jpg 768w, https:\/\/www.tucomarca.com\/wordpress\/segunda\/wp-content\/uploads\/2024\/02\/6FAgricult-864x1536.jpg 864w\" sizes=\"auto, (max-width: 886px) 100vw, 886px\" \/><\/figure>\n<\/figure>\n","protected":false},"excerpt":{"rendered":"<div class=\"mh-excerpt\">La Plataforma para la Defensa del Sector Primario de Utiel-Requena y la Plataforma Agr\u00edcola 6F han convocado para ma\u00f1ana, 29 de febrero, una tractoradas con direcci\u00f3n Valencia. Cabe recordar que en principio estaba prevista para <a class=\"mh-excerpt-more\" href=\"https:\/\/www.tucomarca.com\/wordpress\/segunda\/la-plataforma-para-la-defensa-del-sector-primario-de-utiel-requena-y-plataforma-agricola-6f-convocan-una-tractorada-en-valencia\/\" title=\"La Plataforma para la defensa del sector primario de Utiel-Requena y plataforma agr\u00edcola 6F convocan una tractorada en Valencia\">[+] <\/a><\/div>\n","protected":false},"author":12,"featured_media":212812,"comment_status":"open","ping_status":"open","sticky":false,"template":"","format":"standard","meta":{"footnotes":""},"categories":[4,169,8,142,28,27,3],"tags":[],"class_list":{"0":"post-212804","1":"post","2":"type-post","3":"status-publish","4":"format-standard","5":"has-post-thumbnail","7":"category-agenda","8":"category-agricultura-la-comarca","9":"category-la-comarca","10":"category-politica-la-comarca","11":"category-requena","12":"category-requena-utiel","13":"category-seccion"},"_links":{"self":[{"href":"https:\/\/www.tucomarca.com\/wordpress\/segunda\/wp-json\/wp\/v2\/posts\/212804","targetHints":{"allow":["GET"]}}],"collection":[{"href":"https:\/\/www.tucomarca.com\/wordpress\/segunda\/wp-json\/wp\/v2\/posts"}],"about":[{"href":"https:\/\/www.tucomarca.com\/wordpress\/segunda\/wp-json\/wp\/v2\/types\/post"}],"author":[{"embeddable":true,"href":"https:\/\/www.tucomarca.com\/wordpress\/segunda\/wp-json\/wp\/v2\/users\/12"}],"replies":[{"embeddable":true,"href":"https:\/\/www.tucomarca.com\/wordpress\/segunda\/wp-json\/wp\/v2\/comments?post=212804"}],"version-history":[{"count":0,"href":"https:\/\/www.tucomarca.com\/wordpress\/segunda\/wp-json\/wp\/v2\/posts\/212804\/revisions"}],"wp:featuredmedia":[{"embeddable":true,"href":"https:\/\/www.tucomarca.com\/wordpress\/segunda\/wp-json\/wp\/v2\/media\/212812"}],"wp:attachment":[{"href":"https:\/\/www.tucomarca.com\/wordpress\/segunda\/wp-json\/wp\/v2\/media?parent=212804"}],"wp:term":[{"taxonomy":"category","embeddable":true,"href":"https:\/\/www.tucomarca.com\/wordpress\/segunda\/wp-json\/wp\/v2\/categories?post=212804"},{"taxonomy":"post_tag","embeddable":true,"href":"https:\/\/www.tucomarca.com\/wordpress\/segunda\/wp-json\/wp\/v2\/tags?post=212804"}],"curies":[{"name":"wp","href":"https:\/\/api.w.org\/{rel}","templated":true}]}}