{"id":212819,"date":"2024-02-29T09:55:00","date_gmt":"2024-02-29T08:55:00","guid":{"rendered":"https:\/\/www.tucomarca.com\/wordpress\/segunda\/?p=212819"},"modified":"2024-02-29T10:51:38","modified_gmt":"2024-02-29T09:51:38","slug":"turis-anuncia-su-programa-previo-a-las-fallas-de-la-localidad","status":"publish","type":"post","link":"https:\/\/www.tucomarca.com\/wordpress\/segunda\/turis-anuncia-su-programa-previo-a-las-fallas-de-la-localidad\/","title":{"rendered":"Tur\u00eds anuncia su programa previo a las Fallas de la localidad"},"content":{"rendered":"\n<p>Tur\u00eds anuncia su programa previo a las Fallas de la localidad que se celebrar\u00e1n con posterioridad a las Fallas del Cap i Casal, del 4 al 7 de abril.<\/p>\n\n\n\n<p><strong>Viernes, 1 de marzo<\/strong><br>A las 21.30 h, cena de gala donde se entregar\u00e1n las m\u00e1ximas recompensas concedidas por la Junta Central Fallera a falleras y falleros de nuestras comisiones.<\/p>\n\n\n\n<p><strong>Domingo, 3 de marzo<\/strong><br>A las 13.00 h. tendr\u00e1 lugar en la ermita el besamanos a la imagen de la patrona de Tur\u00eds, Virgen Mar\u00eda de Dolores Gloriosos. Es un acto abierto al p\u00fablico.<br>A las 18.30 h. pasacalle y recogida por la Junta Local y la Sociedad Musical Turisense de las falleras mayores de las cinco comisiones a sus respectivos casales. El orden ser\u00e1 Els Barris, Pla\u00e7eta del Marqu\u00e9s, Avda. Corts Valencianes, Pla\u00e7a del Mercat y L\u2019Antiga Fontanella.<br>A las 20.00 h. tendr\u00e1 lugar La Crida desde el balc\u00f3n del ayuntamiento. A continuaci\u00f3n habr\u00e1 chocolate para todos los asistentes.<\/p>\n\n\n\n<p><strong>Domingo, 24 de marzo<\/strong><br>A las 13.00 h. empezar\u00e1n las tradicionales dansaes en la Plaza Vicent Ribes a cargo del Grupo de Danzas Tur\u00eds y los m\u00e1ximos representantes de las cinco comisiones junto a la Reina de las Fiestas y su Corte de Honor.A las 18:30 h. inauguraci\u00f3n de la Exposici\u00f3n del Ninot en el Teatro Ideal y a continuaci\u00f3n, a las 19:00 h, concierto ofrecido por la Sociedad Musical Turisense.<\/p>\n\n\n\n<figure class=\"wp-block-image size-large\"><img loading=\"lazy\" decoding=\"async\" width=\"724\" height=\"1024\" src=\"https:\/\/www.tucomarca.com\/wordpress\/segunda\/wp-content\/uploads\/2024\/02\/Turis_ACTESFALLERS-724x1024.jpg\" alt=\"\" class=\"wp-image-212823\" srcset=\"https:\/\/www.tucomarca.com\/wordpress\/segunda\/wp-content\/uploads\/2024\/02\/Turis_ACTESFALLERS-724x1024.jpg 724w, https:\/\/www.tucomarca.com\/wordpress\/segunda\/wp-content\/uploads\/2024\/02\/Turis_ACTESFALLERS-212x300.jpg 212w, https:\/\/www.tucomarca.com\/wordpress\/segunda\/wp-content\/uploads\/2024\/02\/Turis_ACTESFALLERS-768x1086.jpg 768w, https:\/\/www.tucomarca.com\/wordpress\/segunda\/wp-content\/uploads\/2024\/02\/Turis_ACTESFALLERS.jpg 886w\" sizes=\"auto, (max-width: 724px) 100vw, 724px\" \/><\/figure>\n","protected":false},"excerpt":{"rendered":"<div class=\"mh-excerpt\">Tur\u00eds anuncia su programa previo a las Fallas de la localidad que se celebrar\u00e1n con posterioridad a las Fallas del Cap i Casal, del 4 al 7 de abril. Viernes, 1 de marzoA las 21.30 <a class=\"mh-excerpt-more\" href=\"https:\/\/www.tucomarca.com\/wordpress\/segunda\/turis-anuncia-su-programa-previo-a-las-fallas-de-la-localidad\/\" title=\"Tur\u00eds anuncia su programa previo a las Fallas de la localidad\">[+] <\/a><\/div>\n","protected":false},"author":12,"featured_media":212823,"comment_status":"open","ping_status":"open","sticky":false,"template":"","format":"standard","meta":{"footnotes":""},"categories":[4,8,42,7,3,43],"tags":[],"class_list":{"0":"post-212819","1":"post","2":"type-post","3":"status-publish","4":"format-standard","5":"has-post-thumbnail","7":"category-agenda","8":"category-la-comarca","9":"category-la-ribera","10":"category-ocio-y-cultura","11":"category-seccion","12":"category-turis"},"_links":{"self":[{"href":"https:\/\/www.tucomarca.com\/wordpress\/segunda\/wp-json\/wp\/v2\/posts\/212819","targetHints":{"allow":["GET"]}}],"collection":[{"href":"https:\/\/www.tucomarca.com\/wordpress\/segunda\/wp-json\/wp\/v2\/posts"}],"about":[{"href":"https:\/\/www.tucomarca.com\/wordpress\/segunda\/wp-json\/wp\/v2\/types\/post"}],"author":[{"embeddable":true,"href":"https:\/\/www.tucomarca.com\/wordpress\/segunda\/wp-json\/wp\/v2\/users\/12"}],"replies":[{"embeddable":true,"href":"https:\/\/www.tucomarca.com\/wordpress\/segunda\/wp-json\/wp\/v2\/comments?post=212819"}],"version-history":[{"count":0,"href":"https:\/\/www.tucomarca.com\/wordpress\/segunda\/wp-json\/wp\/v2\/posts\/212819\/revisions"}],"wp:featuredmedia":[{"embeddable":true,"href":"https:\/\/www.tucomarca.com\/wordpress\/segunda\/wp-json\/wp\/v2\/media\/212823"}],"wp:attachment":[{"href":"https:\/\/www.tucomarca.com\/wordpress\/segunda\/wp-json\/wp\/v2\/media?parent=212819"}],"wp:term":[{"taxonomy":"category","embeddable":true,"href":"https:\/\/www.tucomarca.com\/wordpress\/segunda\/wp-json\/wp\/v2\/categories?post=212819"},{"taxonomy":"post_tag","embeddable":true,"href":"https:\/\/www.tucomarca.com\/wordpress\/segunda\/wp-json\/wp\/v2\/tags?post=212819"}],"curies":[{"name":"wp","href":"https:\/\/api.w.org\/{rel}","templated":true}]}}