{"id":212838,"date":"2024-02-28T08:00:00","date_gmt":"2024-02-28T07:00:00","guid":{"rendered":"https:\/\/www.tucomarca.com\/wordpress\/segunda\/?p=212838"},"modified":"2024-02-28T22:21:14","modified_gmt":"2024-02-28T21:21:14","slug":"la-diputacio-de-valencia-simplificara-burocracia-con-inteligencia-artificial-generativa","status":"publish","type":"post","link":"https:\/\/www.tucomarca.com\/wordpress\/segunda\/la-diputacio-de-valencia-simplificara-burocracia-con-inteligencia-artificial-generativa\/","title":{"rendered":"La Diputaci\u00f3 de Val\u00e8ncia simplificar\u00e1 burocracia con inteligencia artificial generativa"},"content":{"rendered":"\n<p>El diputado de Administraci\u00f3n Electr\u00f3nica e Innovaci\u00f3n, Juan Ram\u00f3n Adsuara, explica que \u201cel objetivo es simplificar tr\u00e1mites para agilizar procesos y mejorar la atenci\u00f3n al p\u00fablico\u201d<\/p>\n\n\n\n<p>La instituci\u00f3n provincial ya est\u00e1 analizando los procesos que podr\u00edan beneficiarse de esta tecnolog\u00eda y ha iniciado contactos con expertos en el sector<\/p>\n\n\n\n<p>El \u00e1rea de Fondos Europeos, Administraci\u00f3n Electr\u00f3nica e Innovaci\u00f3n de la Diputaci\u00f3 de Val\u00e8ncia, dirigida por Juan Ram\u00f3n Adsuara, liderar\u00e1 la integraci\u00f3n de la inteligencia artificial en la instituci\u00f3n provincial para \u201cmejorar procesos, simplificando tr\u00e1mites y ofreciendo una mejor atenci\u00f3n a la ciudadan\u00eda\u201d, confirma el propio diputado.<\/p>\n\n\n\n<p>Adsuara indica que \u201cel personal t\u00e9cnico del \u00e1rea de Inform\u00e1tica ya est\u00e1 analizando los puntos clave susceptibles de ser mejorados con soluciones a medida\u201d y aclara que \u201chablamos siempre de inteligencia artificial generativa, es decir, aquella que es capaz de generar de contenido original&nbsp;a partir de nuestras necesidades concretas\u201d.<\/p>\n\n\n\n<p>Asimismo, el diputado de Innovaci\u00f3n explica que \u201clos t\u00e9cnicos de la casa contar\u00e1n as\u00ed con herramientas que faciliten su trabajo, benefici\u00e1ndose de una tecnolog\u00eda que no es que sea el futuro, sino que ya es capaz de propiciar cambios disruptivos a todos los niveles, especialmente en el tecnol\u00f3gico\u201d.<\/p>\n\n\n\n<p><strong>An\u00e1lisis internos y reuniones con expertos<\/strong><\/p>\n\n\n\n<p>La implantaci\u00f3n de la inteligencia artificial en la gesti\u00f3n electr\u00f3nica de la Diputaci\u00f3 de Val\u00e8ncia vendr\u00e1 precedida de un per\u00edodo de an\u00e1lisis de necesidades que se ha iniciado en el propio \u00e1rea de Inform\u00e1tica pero que se extender\u00e1 al resto de la instituci\u00f3n provincial.<br>De manera paralela, el diputado Juan Ram\u00f3n Adsuara, acompa\u00f1ado por t\u00e9cnicos de la instituci\u00f3n, ya ha iniciado contactos con expertos en el campo de la inteligencia artificial para conocer las diferentes soluciones que ofrece el mercado de las telecomunicaciones.<\/p>\n\n\n\n<p>En esta l\u00ednea, ha tenido lugar una reuni\u00f3n con representantes de la empresa IBM, en la que, entre otros asuntos, presentaron una herramienta para mejorar la eficiencia en materia de tr\u00e1mites administrativos.<\/p>\n\n\n\n<p>El \u00e1rea de Fondos Europeos, Administraci\u00f3n Electr\u00f3nica e Innovaci\u00f3n de la Diputaci\u00f3 de Val\u00e8ncia continuar\u00e1 explorando el mercado de la inteligencia artificial generativa \u201cpara que la implantaci\u00f3n de esta tecnolog\u00eda se lleve a cabo con una estrategia sostenida en el tiempo, descartando respuestas coyunturales y apostando por soluciones integradas en la propia estructura de la instituci\u00f3n\u201d, concluye Juan Ram\u00f3n Adsuara.<\/p>\n","protected":false},"excerpt":{"rendered":"<div class=\"mh-excerpt\">El diputado de Administraci\u00f3n Electr\u00f3nica e Innovaci\u00f3n, Juan Ram\u00f3n Adsuara, explica que \u201cel objetivo es simplificar tr\u00e1mites para agilizar procesos y mejorar la atenci\u00f3n al p\u00fablico\u201d La instituci\u00f3n provincial ya est\u00e1 analizando los procesos que <a class=\"mh-excerpt-more\" href=\"https:\/\/www.tucomarca.com\/wordpress\/segunda\/la-diputacio-de-valencia-simplificara-burocracia-con-inteligencia-artificial-generativa\/\" title=\"La Diputaci\u00f3 de Val\u00e8ncia simplificar\u00e1 burocracia con inteligencia artificial generativa\">[+] <\/a><\/div>\n","protected":false},"author":12,"featured_media":212840,"comment_status":"open","ping_status":"open","sticky":false,"template":"","format":"standard","meta":{"footnotes":""},"categories":[128,8,72,142,3,45],"tags":[3677,20357],"class_list":{"0":"post-212838","1":"post","2":"type-post","3":"status-publish","4":"format-standard","5":"has-post-thumbnail","7":"category-infraestructuras","8":"category-la-comarca","9":"category-sin-categorizar","10":"category-politica-la-comarca","11":"category-seccion","12":"category-ventana","13":"tag-diputacio-de-valencia","14":"tag-inteligencia-artificial"},"_links":{"self":[{"href":"https:\/\/www.tucomarca.com\/wordpress\/segunda\/wp-json\/wp\/v2\/posts\/212838","targetHints":{"allow":["GET"]}}],"collection":[{"href":"https:\/\/www.tucomarca.com\/wordpress\/segunda\/wp-json\/wp\/v2\/posts"}],"about":[{"href":"https:\/\/www.tucomarca.com\/wordpress\/segunda\/wp-json\/wp\/v2\/types\/post"}],"author":[{"embeddable":true,"href":"https:\/\/www.tucomarca.com\/wordpress\/segunda\/wp-json\/wp\/v2\/users\/12"}],"replies":[{"embeddable":true,"href":"https:\/\/www.tucomarca.com\/wordpress\/segunda\/wp-json\/wp\/v2\/comments?post=212838"}],"version-history":[{"count":0,"href":"https:\/\/www.tucomarca.com\/wordpress\/segunda\/wp-json\/wp\/v2\/posts\/212838\/revisions"}],"wp:featuredmedia":[{"embeddable":true,"href":"https:\/\/www.tucomarca.com\/wordpress\/segunda\/wp-json\/wp\/v2\/media\/212840"}],"wp:attachment":[{"href":"https:\/\/www.tucomarca.com\/wordpress\/segunda\/wp-json\/wp\/v2\/media?parent=212838"}],"wp:term":[{"taxonomy":"category","embeddable":true,"href":"https:\/\/www.tucomarca.com\/wordpress\/segunda\/wp-json\/wp\/v2\/categories?post=212838"},{"taxonomy":"post_tag","embeddable":true,"href":"https:\/\/www.tucomarca.com\/wordpress\/segunda\/wp-json\/wp\/v2\/tags?post=212838"}],"curies":[{"name":"wp","href":"https:\/\/api.w.org\/{rel}","templated":true}]}}