{"id":21285,"date":"2013-12-23T14:24:59","date_gmt":"2013-12-23T11:24:59","guid":{"rendered":"http:\/\/www.tucomarca.com\/wordpress\/segunda\/?p=21285"},"modified":"2013-12-23T14:25:05","modified_gmt":"2013-12-23T11:25:05","slug":"el-pp-de-naquera-denuncia-el-uso-partidista-de-la-informacion-municipal","status":"publish","type":"post","link":"https:\/\/www.tucomarca.com\/wordpress\/segunda\/el-pp-de-naquera-denuncia-el-uso-partidista-de-la-informacion-municipal\/","title":{"rendered":"El PP de N\u00e1quera denuncia el uso partidista de la informaci\u00f3n municipal"},"content":{"rendered":"<p><figure id=\"attachment_21287\" aria-describedby=\"caption-attachment-21287\" style=\"width: 300px\" class=\"wp-caption alignleft\"><a href=\"https:\/\/www.tucomarca.com\/wordpress\/segunda\/?attachment_id=21287\" rel=\"attachment wp-att-21287\"><img loading=\"lazy\" decoding=\"async\" src=\"https:\/\/www.tucomarca.com\/wordpress\/segunda\/wp-content\/uploads\/2013\/12\/Foto-info.-Feria-300x102.jpg\" alt=\"\" title=\"Foto info. Feria\" width=\"300\" height=\"102\" class=\"size-medium wp-image-21287\" srcset=\"https:\/\/www.tucomarca.com\/wordpress\/segunda\/wp-content\/uploads\/2013\/12\/Foto-info.-Feria-300x102.jpg 300w, https:\/\/www.tucomarca.com\/wordpress\/segunda\/wp-content\/uploads\/2013\/12\/Foto-info.-Feria-1024x348.jpg 1024w, https:\/\/www.tucomarca.com\/wordpress\/segunda\/wp-content\/uploads\/2013\/12\/Foto-info.-Feria.jpg 1444w\" sizes=\"auto, (max-width: 300px) 100vw, 300px\" \/><\/a><figcaption id=\"caption-attachment-21287\" class=\"wp-caption-text\">Informaci\u00f3n publicitada de la feria. tc.c<\/figcaption><\/figure>Desde el Partido Popular de N\u00e1quera se ha denunciado el uso partidista que est\u00e1 haciendo el Alcalde, Dami\u00e1n Ib\u00e1\u00f1ez, de la informaci\u00f3n del Ayuntamiento. Concretamente, se trata de un bolet\u00edn informativo relativo a la Feria de Navidad que se celebra en el municipio en la que aparece publicitada una campa\u00f1a del partido pol\u00edtico del Alcalde, Uni\u00f3n Popular de N\u00e1quera (UPdN). \u00abEsta campa\u00f1a de recogida de alimentos tambi\u00e9n se est\u00e1 llevando a cabo en otras formaciones pol\u00edticas, como la nuestra\u00bb, explican. <\/p>\n<p>Hugo Burgos, Secretario General de esta formaci\u00f3n, condena este tipo de pr\u00e1cticas \u00abque s\u00f3lo llevan a pensar que el alcalde est\u00e1 haciendo del Ayuntamiento la extensi\u00f3n de su propio partido y que est\u00e1 utilizando los medios de informaci\u00f3n del Ayuntamiento, que los pagamos todos, para fines pol\u00edticos. Si lo que queremos es una regeneraci\u00f3n pol\u00edtica real, este tipo de pr\u00e1cticas las debemos de denunciar y lograr que no queden como una simple an\u00e9cdota\u00bb. <\/p>\n","protected":false},"excerpt":{"rendered":"<div class=\"mh-excerpt\">Desde el Partido Popular de N\u00e1quera se ha denunciado el uso partidista que est\u00e1 haciendo el Alcalde, Dami\u00e1n Ib\u00e1\u00f1ez, de la informaci\u00f3n del Ayuntamiento. Concretamente, se trata de un bolet\u00edn informativo relativo a la Feria <a class=\"mh-excerpt-more\" href=\"https:\/\/www.tucomarca.com\/wordpress\/segunda\/el-pp-de-naquera-denuncia-el-uso-partidista-de-la-informacion-municipal\/\" title=\"El PP de N\u00e1quera denuncia el uso partidista de la informaci\u00f3n municipal\">[+] <\/a><\/div>\n","protected":false},"author":2,"featured_media":21287,"comment_status":"open","ping_status":"open","sticky":false,"template":"","format":"standard","meta":{"footnotes":""},"categories":[46,8,72,180,3],"tags":[968,2754,10436,63,2753],"class_list":{"0":"post-21285","1":"post","2":"type-post","3":"status-publish","4":"format-standard","5":"has-post-thumbnail","7":"category-camp-de-turia","8":"category-la-comarca","9":"category-sin-categorizar","10":"category-naquera","11":"category-seccion","12":"tag-alcalde","13":"tag-informacion-municipal","14":"tag-naquera","15":"tag-pp","16":"tag-uso-partidista"},"_links":{"self":[{"href":"https:\/\/www.tucomarca.com\/wordpress\/segunda\/wp-json\/wp\/v2\/posts\/21285","targetHints":{"allow":["GET"]}}],"collection":[{"href":"https:\/\/www.tucomarca.com\/wordpress\/segunda\/wp-json\/wp\/v2\/posts"}],"about":[{"href":"https:\/\/www.tucomarca.com\/wordpress\/segunda\/wp-json\/wp\/v2\/types\/post"}],"author":[{"embeddable":true,"href":"https:\/\/www.tucomarca.com\/wordpress\/segunda\/wp-json\/wp\/v2\/users\/2"}],"replies":[{"embeddable":true,"href":"https:\/\/www.tucomarca.com\/wordpress\/segunda\/wp-json\/wp\/v2\/comments?post=21285"}],"version-history":[{"count":0,"href":"https:\/\/www.tucomarca.com\/wordpress\/segunda\/wp-json\/wp\/v2\/posts\/21285\/revisions"}],"wp:featuredmedia":[{"embeddable":true,"href":"https:\/\/www.tucomarca.com\/wordpress\/segunda\/wp-json\/wp\/v2\/media\/21287"}],"wp:attachment":[{"href":"https:\/\/www.tucomarca.com\/wordpress\/segunda\/wp-json\/wp\/v2\/media?parent=21285"}],"wp:term":[{"taxonomy":"category","embeddable":true,"href":"https:\/\/www.tucomarca.com\/wordpress\/segunda\/wp-json\/wp\/v2\/categories?post=21285"},{"taxonomy":"post_tag","embeddable":true,"href":"https:\/\/www.tucomarca.com\/wordpress\/segunda\/wp-json\/wp\/v2\/tags?post=21285"}],"curies":[{"name":"wp","href":"https:\/\/api.w.org\/{rel}","templated":true}]}}