{"id":212887,"date":"2024-02-29T16:00:00","date_gmt":"2024-02-29T15:00:00","guid":{"rendered":"https:\/\/www.tucomarca.com\/wordpress\/segunda\/?p=212887"},"modified":"2024-02-29T22:02:42","modified_gmt":"2024-02-29T21:02:42","slug":"la-direccion-del-servicio-de-emergencias-sanitarias-de-la-generalitat-reconoce-la-labor-de-la-policia-local-de-bunol","status":"publish","type":"post","link":"https:\/\/www.tucomarca.com\/wordpress\/segunda\/la-direccion-del-servicio-de-emergencias-sanitarias-de-la-generalitat-reconoce-la-labor-de-la-policia-local-de-bunol\/","title":{"rendered":"La Direcci\u00f3n del Servicio de Emergencias Sanitarias de la Generalitat reconoce la labor de la Polic\u00eda Local de Bu\u00f1ol"},"content":{"rendered":"\n<p>La labor de La Polic\u00eda Local de Bu\u00f1ol ha sido reconocida por el Servicio de Emergencias Sanitarias de la Generalitat, as\u00ed lo ha manifestado su director, Rafael Romero, mediante una carta de agradecimiento dirigida al equipo de Polic\u00eda Local y confeccionada por el m\u00e9dico del SAMU de Requena, Manuel Pons, tras la pr\u00e1ctica, por parte de los agentes de la localidad, de una asistencia por parada cardiorrespiratoria este pasado 19 de febrero.<\/p>\n\n\n\n<figure class=\"wp-block-image size-large\"><img loading=\"lazy\" decoding=\"async\" width=\"742\" height=\"1024\" src=\"https:\/\/www.tucomarca.com\/wordpress\/segunda\/wp-content\/uploads\/2024\/02\/CartaPoliciaLocal-742x1024.jpg\" alt=\"\" class=\"wp-image-212889\" srcset=\"https:\/\/www.tucomarca.com\/wordpress\/segunda\/wp-content\/uploads\/2024\/02\/CartaPoliciaLocal-742x1024.jpg 742w, https:\/\/www.tucomarca.com\/wordpress\/segunda\/wp-content\/uploads\/2024\/02\/CartaPoliciaLocal-217x300.jpg 217w, https:\/\/www.tucomarca.com\/wordpress\/segunda\/wp-content\/uploads\/2024\/02\/CartaPoliciaLocal-768x1060.jpg 768w, https:\/\/www.tucomarca.com\/wordpress\/segunda\/wp-content\/uploads\/2024\/02\/CartaPoliciaLocal.jpg 886w\" sizes=\"auto, (max-width: 742px) 100vw, 742px\" \/><\/figure>\n","protected":false},"excerpt":{"rendered":"<div class=\"mh-excerpt\">La labor de La Polic\u00eda Local de Bu\u00f1ol ha sido reconocida por el Servicio de Emergencias Sanitarias de la Generalitat, as\u00ed lo ha manifestado su director, Rafael Romero, mediante una carta de agradecimiento dirigida al <a class=\"mh-excerpt-more\" href=\"https:\/\/www.tucomarca.com\/wordpress\/segunda\/la-direccion-del-servicio-de-emergencias-sanitarias-de-la-generalitat-reconoce-la-labor-de-la-policia-local-de-bunol\/\" title=\"La Direcci\u00f3n del Servicio de Emergencias Sanitarias de la Generalitat reconoce la labor de la Polic\u00eda Local de Bu\u00f1ol\">[+] <\/a><\/div>\n","protected":false},"author":12,"featured_media":201779,"comment_status":"open","ping_status":"open","sticky":false,"template":"","format":"standard","meta":{"footnotes":""},"categories":[18,128,8,10,142,3,116],"tags":[10385,5952,13974],"class_list":{"0":"post-212887","1":"post","2":"type-post","3":"status-publish","4":"format-standard","5":"has-post-thumbnail","7":"category-bunol","8":"category-infraestructuras","9":"category-la-comarca","10":"category-la-hoya","11":"category-politica-la-comarca","12":"category-seccion","13":"category-sucesos-la-comarca","14":"tag-bunol","15":"tag-la-hoya-de-bunol-chiva","16":"tag-policia-local-de-bunol"},"_links":{"self":[{"href":"https:\/\/www.tucomarca.com\/wordpress\/segunda\/wp-json\/wp\/v2\/posts\/212887","targetHints":{"allow":["GET"]}}],"collection":[{"href":"https:\/\/www.tucomarca.com\/wordpress\/segunda\/wp-json\/wp\/v2\/posts"}],"about":[{"href":"https:\/\/www.tucomarca.com\/wordpress\/segunda\/wp-json\/wp\/v2\/types\/post"}],"author":[{"embeddable":true,"href":"https:\/\/www.tucomarca.com\/wordpress\/segunda\/wp-json\/wp\/v2\/users\/12"}],"replies":[{"embeddable":true,"href":"https:\/\/www.tucomarca.com\/wordpress\/segunda\/wp-json\/wp\/v2\/comments?post=212887"}],"version-history":[{"count":0,"href":"https:\/\/www.tucomarca.com\/wordpress\/segunda\/wp-json\/wp\/v2\/posts\/212887\/revisions"}],"wp:featuredmedia":[{"embeddable":true,"href":"https:\/\/www.tucomarca.com\/wordpress\/segunda\/wp-json\/wp\/v2\/media\/201779"}],"wp:attachment":[{"href":"https:\/\/www.tucomarca.com\/wordpress\/segunda\/wp-json\/wp\/v2\/media?parent=212887"}],"wp:term":[{"taxonomy":"category","embeddable":true,"href":"https:\/\/www.tucomarca.com\/wordpress\/segunda\/wp-json\/wp\/v2\/categories?post=212887"},{"taxonomy":"post_tag","embeddable":true,"href":"https:\/\/www.tucomarca.com\/wordpress\/segunda\/wp-json\/wp\/v2\/tags?post=212887"}],"curies":[{"name":"wp","href":"https:\/\/api.w.org\/{rel}","templated":true}]}}