{"id":212893,"date":"2024-02-29T09:55:00","date_gmt":"2024-02-29T08:55:00","guid":{"rendered":"https:\/\/www.tucomarca.com\/wordpress\/segunda\/?p=212893"},"modified":"2024-02-29T21:58:42","modified_gmt":"2024-02-29T20:58:42","slug":"la-diputacio-de-valencia-prioriza-garantizar-el-abastecimiento-de-agua-en-todos-los-municipios","status":"publish","type":"post","link":"https:\/\/www.tucomarca.com\/wordpress\/segunda\/la-diputacio-de-valencia-prioriza-garantizar-el-abastecimiento-de-agua-en-todos-los-municipios\/","title":{"rendered":"<strong>La Diputaci\u00f3 de Val\u00e8ncia prioriza garantizar el abastecimiento de agua en todos los municipios<\/strong>"},"content":{"rendered":"\n<h3 class=\"wp-block-heading\"><strong>El presidente Vicent Momp\u00f3, la vicepresidenta primera Nat\u00e0lia Enguix y el diputado del Ciclo Integral del Agua, Paco Comes, se re\u00fanen con t\u00e9cnicos, alcaldes y alcaldesas de 200 ayuntamientos de la provincia<\/strong>.<\/h3>\n\n\n\n<h3 class=\"wp-block-heading\"><strong>Durante la jornada se ha tratado la situaci\u00f3n actual del ciclo integral del agua en las comarcas valencianas, as\u00ed como las ayudas y subvenciones de la corporaci\u00f3n provincial para tratar de mejorarlo<\/strong>.<\/h3>\n\n\n\n<p>El presidente de la Diputaci\u00f3 de Val\u00e8ncia, Vicent Momp\u00f3, junto con la vicepresidenta Nat\u00e0lia Enguix y el diputado del Ciclo Integral del Agua, Paco Comes, ha reunido este jueves en el Centre Cultural La Benefic\u00e8ncia a t\u00e9cnicos municipales y alcaldes de 200 municipios de la provincia para tratar la situaci\u00f3n actual del ciclo integral del agua en las comarcas valencianas, as\u00ed como las ayudas y subvenciones de la corporaci\u00f3n provincial para contribuir a mejorarlo en el periodo 2024-2027.&nbsp;<\/p>\n\n\n\n<p>El presidente Momp\u00f3 ha anunciado que la Diputaci\u00f3 va a llevar a cabo \u201cuna apuesta importante para garantizar un suministro de agua seguro, previsible y, sobre todo, de calidad, y para ello se trabajar\u00e1 en tres pilares fundamentales: inversi\u00f3n, digitalizaci\u00f3n y reutilizaci\u00f3n\u201d. Asimismo, Vicent Momp\u00f3 indicaba que \u201cen esta casa ayudaremos pueblo a pueblo y comarca a comarca a ejecutar sus obras, asumiendo un papel primordial en cuanto a la asistencia y la ayuda en un tema tan sensible como es el agua\u201d. Para ello, la Diputaci\u00f3n ha creado el \u00e1rea espec\u00edfica del Ciclo Integral del Agua, con una partida de 2,3 millones de euros para este a\u00f1o, y ha introducido una importante novedad en el Pla Obert d\u2019Inversions, que es incentivar las actuaciones de mejora h\u00eddrica en los municipios.<\/p>\n\n\n\n<p>Momp\u00f3 tambi\u00e9n ha destacado el Programa Estrat\u00e9gico para la Recuperaci\u00f3n y Transformaci\u00f3n Econ\u00f3mica (PERTE) de Digitalizaci\u00f3n del Ciclo del Agua. \u201cHemos presentado la solicitud a la segunda convocatoria del Ministerio para mejorar integralmente el servicio, hablamos de la captaci\u00f3n y tambi\u00e9n del retorno al medio natural\u201d, ha explicado el presidente. El presupuesto global del proyecto, que se extiende a 148 municipios cubriendo m\u00e1s del 50% de la superficie de las comarcas valencianas, asciende a 11,4 millones de euros, de los cuales 1,5 los aporta la Diputaci\u00f3n.<\/p>\n\n\n\n<p>El proyecto de digitalizaci\u00f3n del ciclo del agua \u201ctiene una aplicaci\u00f3n especial en las comarcas de interior, donde el riesgo de despoblaci\u00f3n es mayor\u201d, ha apuntado el m\u00e1ximo responsable provincial. En este sentido, la Diputaci\u00f3n \u201cno solo busca responder al reto demogr\u00e1fico, sino tambi\u00e9n reducir las p\u00e9rdidas de agua potable y garantizar un suministro domiciliario en condiciones\u201d, ha a\u00f1adido Momp\u00f3.<\/p>\n\n\n\n<p>Respecto a la reutilizaci\u00f3n, el presidente Momp\u00f3 ha hecho hincapi\u00e9 en la necesidad de \u201ctrabajar para evitar que los costes de gesti\u00f3n y regeneraci\u00f3n del agua no supongan una barrera y avanzar al lado de otras instituciones para dotar de un marco regulador que contribuya a conseguir este reto\u201d.<\/p>\n\n\n\n<figure class=\"wp-block-image size-large\"><img loading=\"lazy\" decoding=\"async\" width=\"1024\" height=\"665\" src=\"https:\/\/www.tucomarca.com\/wordpress\/segunda\/wp-content\/uploads\/2024\/02\/AguaDipu1-1024x665.jpg\" alt=\"\" class=\"wp-image-212898\" srcset=\"https:\/\/www.tucomarca.com\/wordpress\/segunda\/wp-content\/uploads\/2024\/02\/AguaDipu1-1024x665.jpg 1024w, https:\/\/www.tucomarca.com\/wordpress\/segunda\/wp-content\/uploads\/2024\/02\/AguaDipu1-300x195.jpg 300w, https:\/\/www.tucomarca.com\/wordpress\/segunda\/wp-content\/uploads\/2024\/02\/AguaDipu1-768x499.jpg 768w, https:\/\/www.tucomarca.com\/wordpress\/segunda\/wp-content\/uploads\/2024\/02\/AguaDipu1-1536x998.jpg 1536w, https:\/\/www.tucomarca.com\/wordpress\/segunda\/wp-content\/uploads\/2024\/02\/AguaDipu1-2048x1331.jpg 2048w\" sizes=\"auto, (max-width: 1024px) 100vw, 1024px\" \/><\/figure>\n\n\n\n<p><strong>Pla Obert d&#8217;Inversions&nbsp;<\/strong><\/p>\n\n\n\n<p>La vicepresidenta primera y responsable del \u00e1rea de Cooperaci\u00f3n, Nat\u00e0lia Enguix, ha destacado que con esta jornada \u201cdamos a conocer los principales retos y oportunidades en cuanto al trabajo municipal y supramunicipal vinculado al agua, en el marco de la presentaci\u00f3n y explicaci\u00f3n del Pla Obert d&#8217;Inversions de la Diputaci\u00f3, un plan que, trabajado intensamente y con la vista puesta en los municipios, viene a dar seguridad, planificaci\u00f3n y recursos para el trabajo de toda una legislatura en los ayuntamientos valencianos\u201d.&nbsp;<\/p>\n\n\n\n<p>\u201cEs un plan que ayuda y transforma de arriba abajo el trabajo de los ayuntamientos -contin\u00faa la vicepresidenta primera- y tambi\u00e9n se ocupa del ciclo integral del agua, tanto de la captaci\u00f3n como del ahorro, abastecimiento y rendimiento de las canalizaciones, la calidad del agua y tambi\u00e9n su conservaci\u00f3n y buen uso\u201d. En este sentido, Enguix apunta que el Pla Obert d\u2019inversions \u201cno s\u00f3lo se ocupa de las redes de suministro, sino tambi\u00e9n de las redes de colaboraci\u00f3n entre administraciones, tanto entre la Diputaci\u00f3n y los ayuntamientos, como entre los propios municipios\u201d.<\/p>\n\n\n\n<p>Una de las novedades de la f\u00f3rmula del plan es, tal como indicaba Enguix en su intervenci\u00f3n, \u201cque al menos un 10% del presupuesto deber\u00e1 ir dirigido a actuaciones en materia de agua, lo que garantiza que ning\u00fan municipio se quede fuera del reto ineludible de mejorar el abastecimiento, la atenci\u00f3n a las personas vulnerables y el medio ambiente\u201d.<\/p>\n\n\n\n<p>Por su parte, el diputado del Ciclo Integral del Agua, Paco Comes, ha manifestado que \u201cel escenario actual en el que nos encontramos de aumento de temperaturas, redistribuci\u00f3n de las precipitaciones que tiene como consecuencia una sequ\u00eda seguramente prolongada, nos obliga a las administraciones p\u00fablicas y en especial aquellas que somos directamente responsables, como son ayuntamientos y diputaciones, a dar un nuevo enfoque al ciclo integral del agua\u201d.<\/p>\n\n\n\n<p>Comes ha hecho hincapi\u00e9 en que \u201ceste nuevo equipo de gobierno de la Diputaci\u00f3 de Val\u00e8ncia ha creado un servicio espec\u00edfico del agua, cuyas competencias est\u00e1n directamente relacionadas con asegurar la prestaci\u00f3n integral y adecuada del suministro de agua potable, saneamiento y tratamiento de aguas residuales en todos los municipios de la provincia y en especial en aquellos que m\u00e1s lo necesitan\u201d. Este servicio est\u00e1 a disposici\u00f3n de los municipios valencianos para asistirlos tanto t\u00e9cnica como jur\u00eddicamente en todo lo que tenga que ver y est\u00e9 relacionado con el Ciclo Integral del Agua\u201d.&nbsp;<\/p>\n\n\n\n<p>Por \u00faltimo, Paco Comes se ha referido a la empresa p\u00fablica Egevasa, \u201cinstrumento de la Diputaci\u00f3 de Val\u00e8ncia en el Ciclo Integral del Agua y que a partir de ahora entra en un nuevo periodo de servicio a los ayuntamientos, para convertirse en un sello de calidad y garant\u00eda\u201d.<\/p>\n","protected":false},"excerpt":{"rendered":"<div class=\"mh-excerpt\">El presidente Vicent Momp\u00f3, la vicepresidenta primera Nat\u00e0lia Enguix y el diputado del Ciclo Integral del Agua, Paco Comes, se re\u00fanen con t\u00e9cnicos, alcaldes y alcaldesas de 200 ayuntamientos de la provincia. Durante la jornada <a class=\"mh-excerpt-more\" href=\"https:\/\/www.tucomarca.com\/wordpress\/segunda\/la-diputacio-de-valencia-prioriza-garantizar-el-abastecimiento-de-agua-en-todos-los-municipios\/\" title=\"La Diputaci\u00f3 de Val\u00e8ncia prioriza garantizar el abastecimiento de agua en todos los municipios\">[+] <\/a><\/div>\n","protected":false},"author":1,"featured_media":212900,"comment_status":"open","ping_status":"open","sticky":false,"template":"","format":"standard","meta":{"footnotes":""},"categories":[49,38,46,128,8,72,10,42,59,117,142,27,3,45],"tags":[4013,2142],"class_list":{"0":"post-212893","1":"post","2":"type-post","3":"status-publish","4":"format-standard","5":"has-post-thumbnail","7":"category-ademuz","8":"category-ayora-cofrentes","9":"category-camp-de-turia","10":"category-infraestructuras","11":"category-la-comarca","12":"category-sin-categorizar","13":"category-la-hoya","14":"category-la-ribera","15":"category-los-serranos","16":"category-medio-ambiente-la-comarca","17":"category-politica-la-comarca","18":"category-requena-utiel","19":"category-seccion","20":"category-ventana","21":"tag-diputacion-de-valencia","22":"tag-la-comunitat"},"_links":{"self":[{"href":"https:\/\/www.tucomarca.com\/wordpress\/segunda\/wp-json\/wp\/v2\/posts\/212893","targetHints":{"allow":["GET"]}}],"collection":[{"href":"https:\/\/www.tucomarca.com\/wordpress\/segunda\/wp-json\/wp\/v2\/posts"}],"about":[{"href":"https:\/\/www.tucomarca.com\/wordpress\/segunda\/wp-json\/wp\/v2\/types\/post"}],"author":[{"embeddable":true,"href":"https:\/\/www.tucomarca.com\/wordpress\/segunda\/wp-json\/wp\/v2\/users\/1"}],"replies":[{"embeddable":true,"href":"https:\/\/www.tucomarca.com\/wordpress\/segunda\/wp-json\/wp\/v2\/comments?post=212893"}],"version-history":[{"count":0,"href":"https:\/\/www.tucomarca.com\/wordpress\/segunda\/wp-json\/wp\/v2\/posts\/212893\/revisions"}],"wp:featuredmedia":[{"embeddable":true,"href":"https:\/\/www.tucomarca.com\/wordpress\/segunda\/wp-json\/wp\/v2\/media\/212900"}],"wp:attachment":[{"href":"https:\/\/www.tucomarca.com\/wordpress\/segunda\/wp-json\/wp\/v2\/media?parent=212893"}],"wp:term":[{"taxonomy":"category","embeddable":true,"href":"https:\/\/www.tucomarca.com\/wordpress\/segunda\/wp-json\/wp\/v2\/categories?post=212893"},{"taxonomy":"post_tag","embeddable":true,"href":"https:\/\/www.tucomarca.com\/wordpress\/segunda\/wp-json\/wp\/v2\/tags?post=212893"}],"curies":[{"name":"wp","href":"https:\/\/api.w.org\/{rel}","templated":true}]}}