{"id":212996,"date":"2024-03-02T12:00:00","date_gmt":"2024-03-02T11:00:00","guid":{"rendered":"https:\/\/www.tucomarca.com\/wordpress\/segunda\/?p=212996"},"modified":"2024-03-02T12:54:39","modified_gmt":"2024-03-02T11:54:39","slug":"el-ayuntamiento-de-bunol-organiza-numerosos-actos-culturales-reivindicativos-para-infancia-y-mayores-con-motivo-del-8m","status":"publish","type":"post","link":"https:\/\/www.tucomarca.com\/wordpress\/segunda\/el-ayuntamiento-de-bunol-organiza-numerosos-actos-culturales-reivindicativos-para-infancia-y-mayores-con-motivo-del-8m\/","title":{"rendered":"El Ayuntamiento de Bu\u00f1ol organiza numerosos actos culturales reivindicativos para infancia y mayores con motivo del 8M"},"content":{"rendered":"\n<p>El pr\u00f3ximo jueves, 7 de marzo, se va a realizar por primera vez en la localidad una Jornada de convivencia con el Levante UD Femenino y alumnado de tercero de Primaria de los colegios del municipio.<\/p>\n\n\n\n<p>El Ayuntamiento de Bu\u00f1ol informa de los actos a celebrar en la localidad con motivo del 8M, D\u00eda Internacional de la Mujer:<\/p>\n\n\n\n<p><strong>7 de marzo:<\/strong><\/p>\n\n\n\n<p>Jornada de convivencia Levante UD femenino y alumnado de tercero de Primaria de los colegios<br>Inauguraci\u00f3n a las 19h de la exposici\u00f3n \u201cMujeres en Lucha\u201d (fotograf\u00eda y relatos) del 7 al 27 de marzo. Ser\u00e1 a las 19h en la Biblioteca Municipal.<\/p>\n\n\n\n<p><strong>8 de marzo:<\/strong><\/p>\n\n\n\n<p>A las 18,00 h en la sala El Mercado: video-merienda \u201cMujeres que hacen pueblo\u201d. En primer lugar se proyectar\u00e1 el video y a continuaci\u00f3n se ofrecer\u00e1 una merienda<\/p>\n\n\n\n<p><strong>9 de marzo:<\/strong><\/p>\n\n\n\n<p>A las 12,00 h en la sala Raga del Molino Gal\u00e1n: Teatro infantil \u201cCuentas y Cuentos\u201d: historias para la igualdad. Para ni\u00f1as y ni\u00f1os a partir de 4 a\u00f1os.<\/p>\n\n\n\n<p>En la calle el Portal 20: pintura mural por la artista Julieta.<\/p>\n\n\n\n<p>Virginia Sanz, Alcaldesa de Bu\u00f1ol y responsable del \u00e1rea de Igualdad en el equipo de gobierno municipal, se ha mostrado muy satisfecha por el conjunto de eventos que se celebrar\u00e1n para concienciar, sensibilizar e incidir en un lenguaje m\u00e1s inclusivo. \u201cPara el equipo de gobierno la igualdad es un pilar muy importante, debe alcanzarse entre todos y el Ayuntamiento de Bu\u00f1ol tiene que unirse a esta merecida reivindicaci\u00f3n\u201d, finaliza la primer edil bu\u00f1olense.<\/p>\n\n\n\n<figure class=\"wp-block-image size-large\"><img loading=\"lazy\" decoding=\"async\" width=\"724\" height=\"1024\" src=\"https:\/\/www.tucomarca.com\/wordpress\/segunda\/wp-content\/uploads\/2024\/03\/8MBunol24-724x1024.jpg\" alt=\"\" class=\"wp-image-212999\" srcset=\"https:\/\/www.tucomarca.com\/wordpress\/segunda\/wp-content\/uploads\/2024\/03\/8MBunol24-724x1024.jpg 724w, https:\/\/www.tucomarca.com\/wordpress\/segunda\/wp-content\/uploads\/2024\/03\/8MBunol24-212x300.jpg 212w, https:\/\/www.tucomarca.com\/wordpress\/segunda\/wp-content\/uploads\/2024\/03\/8MBunol24-768x1086.jpg 768w, https:\/\/www.tucomarca.com\/wordpress\/segunda\/wp-content\/uploads\/2024\/03\/8MBunol24.jpg 886w\" sizes=\"auto, (max-width: 724px) 100vw, 724px\" \/><\/figure>\n","protected":false},"excerpt":{"rendered":"<div class=\"mh-excerpt\">El pr\u00f3ximo jueves, 7 de marzo, se va a realizar por primera vez en la localidad una Jornada de convivencia con el Levante UD Femenino y alumnado de tercero de Primaria de los colegios del <a class=\"mh-excerpt-more\" href=\"https:\/\/www.tucomarca.com\/wordpress\/segunda\/el-ayuntamiento-de-bunol-organiza-numerosos-actos-culturales-reivindicativos-para-infancia-y-mayores-con-motivo-del-8m\/\" title=\"El Ayuntamiento de Bu\u00f1ol organiza numerosos actos culturales reivindicativos para infancia y mayores con motivo del 8M\">[+] <\/a><\/div>\n","protected":false},"author":12,"featured_media":212999,"comment_status":"open","ping_status":"open","sticky":false,"template":"","format":"standard","meta":{"footnotes":""},"categories":[4,18,8,10,142,3],"tags":[11507,10385,5952],"class_list":{"0":"post-212996","1":"post","2":"type-post","3":"status-publish","4":"format-standard","5":"has-post-thumbnail","7":"category-agenda","8":"category-bunol","9":"category-la-comarca","10":"category-la-hoya","11":"category-politica-la-comarca","12":"category-seccion","13":"tag-8m","14":"tag-bunol","15":"tag-la-hoya-de-bunol-chiva"},"_links":{"self":[{"href":"https:\/\/www.tucomarca.com\/wordpress\/segunda\/wp-json\/wp\/v2\/posts\/212996","targetHints":{"allow":["GET"]}}],"collection":[{"href":"https:\/\/www.tucomarca.com\/wordpress\/segunda\/wp-json\/wp\/v2\/posts"}],"about":[{"href":"https:\/\/www.tucomarca.com\/wordpress\/segunda\/wp-json\/wp\/v2\/types\/post"}],"author":[{"embeddable":true,"href":"https:\/\/www.tucomarca.com\/wordpress\/segunda\/wp-json\/wp\/v2\/users\/12"}],"replies":[{"embeddable":true,"href":"https:\/\/www.tucomarca.com\/wordpress\/segunda\/wp-json\/wp\/v2\/comments?post=212996"}],"version-history":[{"count":0,"href":"https:\/\/www.tucomarca.com\/wordpress\/segunda\/wp-json\/wp\/v2\/posts\/212996\/revisions"}],"wp:featuredmedia":[{"embeddable":true,"href":"https:\/\/www.tucomarca.com\/wordpress\/segunda\/wp-json\/wp\/v2\/media\/212999"}],"wp:attachment":[{"href":"https:\/\/www.tucomarca.com\/wordpress\/segunda\/wp-json\/wp\/v2\/media?parent=212996"}],"wp:term":[{"taxonomy":"category","embeddable":true,"href":"https:\/\/www.tucomarca.com\/wordpress\/segunda\/wp-json\/wp\/v2\/categories?post=212996"},{"taxonomy":"post_tag","embeddable":true,"href":"https:\/\/www.tucomarca.com\/wordpress\/segunda\/wp-json\/wp\/v2\/tags?post=212996"}],"curies":[{"name":"wp","href":"https:\/\/api.w.org\/{rel}","templated":true}]}}