{"id":213067,"date":"2024-02-29T09:00:00","date_gmt":"2024-02-29T08:00:00","guid":{"rendered":"https:\/\/www.tucomarca.com\/wordpress\/segunda\/?p=213067"},"modified":"2024-03-01T21:34:58","modified_gmt":"2024-03-01T20:34:58","slug":"el-psoe-califica-de-parche-la-cesion-de-las-calles-del-barrio-san-rafael-a-bunol","status":"publish","type":"post","link":"https:\/\/www.tucomarca.com\/wordpress\/segunda\/el-psoe-califica-de-parche-la-cesion-de-las-calles-del-barrio-san-rafael-a-bunol\/","title":{"rendered":"El PSOE califica de \u00abparche\u00bb la cesi\u00f3n de las calles del Barrio San Rafael a Bu\u00f1ol"},"content":{"rendered":"\n<h3 class=\"wp-block-heading\">Los socialistas reclaman \u00abactuaciones concretas para el barrio\u00bb y aseguran que el gobierno \u00abno ha tenido en cuenta las consecuencias para los vecinos\u00bb.<\/h3>\n\n\n\n<p>En el \u00faltimo pleno se aprob\u00f3 por unanimidad la cesi\u00f3n por parte de Cemex del barrio de San Rafael, el portavoz socialista, Aurelio Palmer, ha salido al paso explicando que se trata \u00abde una iniciativa impulsada por gobiernos anteriores y que contaba con muchas trabas t\u00e9cnicas y que se ha solventado con un &#8216;parche&#8217; y de forma parcial, ya que posiblemente el gobierno al plantear la cesi\u00f3n de esta manera no ha tenido en cuenta las consecuencias que de eso pueden derivarse para los vecinos con la parte del suelo que no ha sido cedida, como as\u00ed manifestaron durante el pleno\u00bb.<\/p>\n\n\n\n<p>\u00abNo obstante \u2014a\u00f1ade\u2014 cuando hablamos en la precampa\u00f1a sobre este tema con los vecinos, problema que ya conoc\u00edamos, entendimos que hab\u00eda que dar una soluci\u00f3n. De hecho, trabajamos en tener una soluci\u00f3n urban\u00edstica que favoreciera a todas las partes. Y evidentemente que no excluyera los 2100 metros cuadrados que ocupan los garajes y ahora quedan fuera con esta soluci\u00f3n\u00bb.<\/p>\n\n\n\n<p>Igualmente, el socialista quiso recalcar que en \u00abgobiernos anteriores se han hecho importantes inversiones en la barriada, con actuaciones como fueron la red de alcantarillados, el alumbrado, la inversi\u00f3n en el parque infantil o la reparaci\u00f3n de muchas aceras, y que no se exig\u00eda la titularidad municipal del suelo\u00bb.<\/p>\n\n\n\n<p>Por \u00faltimo los socialistas reclaman \u00abque esto no sea un mero brindis al sol\u00bb y proponen \u00abactuaciones concretas como la modificaci\u00f3n de la ordenanza urban\u00edstica que pesa en San Rafael y que limita cualquier actuaci\u00f3n de mejora o rehabilitaci\u00f3n de las viviendas y que en el presupuesto de 2024, del que a\u00fan se desconoce ning\u00fan dato y todav\u00eda no tiene fecha de aprobaci\u00f3n, se incluyan inversiones para el barrio, centradas principalmente en mejorar la red de agua potable y mejorar la urbanizaci\u00f3n de las aceras\u00bb.<\/p>\n","protected":false},"excerpt":{"rendered":"<div class=\"mh-excerpt\">Los socialistas reclaman \u00abactuaciones concretas para el barrio\u00bb y aseguran que el gobierno \u00abno ha tenido en cuenta las consecuencias para los vecinos\u00bb. En el \u00faltimo pleno se aprob\u00f3 por unanimidad la cesi\u00f3n por parte <a class=\"mh-excerpt-more\" href=\"https:\/\/www.tucomarca.com\/wordpress\/segunda\/el-psoe-califica-de-parche-la-cesion-de-las-calles-del-barrio-san-rafael-a-bunol\/\" title=\"El PSOE califica de \u00abparche\u00bb la cesi\u00f3n de las calles del Barrio San Rafael a Bu\u00f1ol\">[+] <\/a><\/div>\n","protected":false},"author":1,"featured_media":211322,"comment_status":"open","ping_status":"open","sticky":false,"template":"","format":"standard","meta":{"footnotes":""},"categories":[18,128,8,10,142,3],"tags":[10385,5952],"class_list":{"0":"post-213067","1":"post","2":"type-post","3":"status-publish","4":"format-standard","5":"has-post-thumbnail","7":"category-bunol","8":"category-infraestructuras","9":"category-la-comarca","10":"category-la-hoya","11":"category-politica-la-comarca","12":"category-seccion","13":"tag-bunol","14":"tag-la-hoya-de-bunol-chiva"},"_links":{"self":[{"href":"https:\/\/www.tucomarca.com\/wordpress\/segunda\/wp-json\/wp\/v2\/posts\/213067","targetHints":{"allow":["GET"]}}],"collection":[{"href":"https:\/\/www.tucomarca.com\/wordpress\/segunda\/wp-json\/wp\/v2\/posts"}],"about":[{"href":"https:\/\/www.tucomarca.com\/wordpress\/segunda\/wp-json\/wp\/v2\/types\/post"}],"author":[{"embeddable":true,"href":"https:\/\/www.tucomarca.com\/wordpress\/segunda\/wp-json\/wp\/v2\/users\/1"}],"replies":[{"embeddable":true,"href":"https:\/\/www.tucomarca.com\/wordpress\/segunda\/wp-json\/wp\/v2\/comments?post=213067"}],"version-history":[{"count":0,"href":"https:\/\/www.tucomarca.com\/wordpress\/segunda\/wp-json\/wp\/v2\/posts\/213067\/revisions"}],"wp:featuredmedia":[{"embeddable":true,"href":"https:\/\/www.tucomarca.com\/wordpress\/segunda\/wp-json\/wp\/v2\/media\/211322"}],"wp:attachment":[{"href":"https:\/\/www.tucomarca.com\/wordpress\/segunda\/wp-json\/wp\/v2\/media?parent=213067"}],"wp:term":[{"taxonomy":"category","embeddable":true,"href":"https:\/\/www.tucomarca.com\/wordpress\/segunda\/wp-json\/wp\/v2\/categories?post=213067"},{"taxonomy":"post_tag","embeddable":true,"href":"https:\/\/www.tucomarca.com\/wordpress\/segunda\/wp-json\/wp\/v2\/tags?post=213067"}],"curies":[{"name":"wp","href":"https:\/\/api.w.org\/{rel}","templated":true}]}}