{"id":213250,"date":"2024-03-04T10:45:00","date_gmt":"2024-03-04T09:45:00","guid":{"rendered":"https:\/\/www.tucomarca.com\/wordpress\/segunda\/?p=213250"},"modified":"2024-03-04T20:12:58","modified_gmt":"2024-03-04T19:12:58","slug":"la-crida-anuncia-que-benaguasil-ya-esta-en-fallas","status":"publish","type":"post","link":"https:\/\/www.tucomarca.com\/wordpress\/segunda\/la-crida-anuncia-que-benaguasil-ya-esta-en-fallas\/","title":{"rendered":"La crida anuncia que Benaguasil ya est\u00e1 en Fallas"},"content":{"rendered":"\n<h3 class=\"wp-block-heading\">En el acto se puso de manifiesto la ilusi\u00f3n de los falleros y falleras, que acudieron hasta la Plaza para dar la bienvenida a las Fallas 2024.<\/h3>\n\n\n\n<figure class=\"wp-block-gallery has-nested-images columns-default is-cropped wp-block-gallery-1 is-layout-flex wp-block-gallery-is-layout-flex\">\n<figure class=\"wp-block-image size-large\"><img loading=\"lazy\" decoding=\"async\" width=\"886\" height=\"591\" data-id=\"213254\" src=\"https:\/\/www.tucomarca.com\/wordpress\/segunda\/wp-content\/uploads\/2024\/03\/CRIDABenaguasil3.jpg\" alt=\"\" class=\"wp-image-213254\" srcset=\"https:\/\/www.tucomarca.com\/wordpress\/segunda\/wp-content\/uploads\/2024\/03\/CRIDABenaguasil3.jpg 886w, https:\/\/www.tucomarca.com\/wordpress\/segunda\/wp-content\/uploads\/2024\/03\/CRIDABenaguasil3-300x200.jpg 300w, https:\/\/www.tucomarca.com\/wordpress\/segunda\/wp-content\/uploads\/2024\/03\/CRIDABenaguasil3-768x512.jpg 768w\" sizes=\"auto, (max-width: 886px) 100vw, 886px\" \/><\/figure>\n\n\n\n<figure class=\"wp-block-image size-large\"><img loading=\"lazy\" decoding=\"async\" width=\"886\" height=\"665\" data-id=\"213252\" src=\"https:\/\/www.tucomarca.com\/wordpress\/segunda\/wp-content\/uploads\/2024\/03\/CRIDABenaguasil1.jpg\" alt=\"\" class=\"wp-image-213252\" srcset=\"https:\/\/www.tucomarca.com\/wordpress\/segunda\/wp-content\/uploads\/2024\/03\/CRIDABenaguasil1.jpg 886w, https:\/\/www.tucomarca.com\/wordpress\/segunda\/wp-content\/uploads\/2024\/03\/CRIDABenaguasil1-300x225.jpg 300w, https:\/\/www.tucomarca.com\/wordpress\/segunda\/wp-content\/uploads\/2024\/03\/CRIDABenaguasil1-768x576.jpg 768w, https:\/\/www.tucomarca.com\/wordpress\/segunda\/wp-content\/uploads\/2024\/03\/CRIDABenaguasil1-678x509.jpg 678w, https:\/\/www.tucomarca.com\/wordpress\/segunda\/wp-content\/uploads\/2024\/03\/CRIDABenaguasil1-326x245.jpg 326w, https:\/\/www.tucomarca.com\/wordpress\/segunda\/wp-content\/uploads\/2024\/03\/CRIDABenaguasil1-80x60.jpg 80w\" sizes=\"auto, (max-width: 886px) 100vw, 886px\" \/><\/figure>\n<\/figure>\n\n\n\n<p>Benaguasil dio ayer el pistoletazo de salida a las Fallas con el acto que anuncia la inminente llegada de las fiestas josefinas, la \u2018Crida\u2019. La Plaza fue testigo un a\u00f1o m\u00e1s, de uno de los momentos m\u00e1s especiales para el colectivo fallero que se congreg\u00f3 para dar la bienvenida a las Fallas.<\/p>\n\n\n\n<p>El acto dio inicio con la llegada de los m\u00e1ximos representantes de las 10 comisiones que tiene Benaguasil. Todos ellos desfilaron hasta el Ayuntamiento, d\u00f3nde a las puertas les esperaban el alcalde Ximo Segarra y la concejala de Fallas, Ana Aleixandre. Posteriormente desfil\u00f3 la corte de honor de la fallera mayor infantil, seguida de las falleras mayores del municipio, Noemi Ferrer y Ainhara Sanabria, as\u00ed como del presidente infantil Asier Ortiz y la presidenta de la JLF Pepa Cano.<\/p>\n\n\n\n<p>Tras los pertinentes saludos todos ellos subieron al balc\u00f3n del Ayuntamiento. All\u00ed el alcalde fue el primero en dirigirse a la multitud para proclamar que \u201cla capital del m\u00f3n faller, Benaguasil, ya est\u00e1 preparada para disfrutar de las fallas\u201d.<\/p>\n\n\n\n<p>Acto seguido y en una Crida conjunta fueron Noem\u00ed, Ainhara y Asier los que pronunciaron el esperado grito de \u2018Ja estem en Falles\u2019, que hizo vibrar a las comisiones falleras. Los tres animaron a la ciudadan\u00eda a participar de sus fiestas josefinas y a mantener la tradici\u00f3n fallera y agradecieron el trabajo y esfuerzo de los falleros, finalizando su discurso con el tradicional \u201c\u00a1Visca Benaguasil y visquen les Falles!\u201d.<\/p>\n\n\n\n<p>El acto finaliz\u00f3 con el himno regional y el castillo de fuegos artificiales.<\/p>\n","protected":false},"excerpt":{"rendered":"<div class=\"mh-excerpt\">En el acto se puso de manifiesto la ilusi\u00f3n de los falleros y falleras, que acudieron hasta la Plaza para dar la bienvenida a las Fallas 2024. Benaguasil dio ayer el pistoletazo de salida a <a class=\"mh-excerpt-more\" href=\"https:\/\/www.tucomarca.com\/wordpress\/segunda\/la-crida-anuncia-que-benaguasil-ya-esta-en-fallas\/\" title=\"La crida anuncia que Benaguasil ya est\u00e1 en Fallas\">[+] <\/a><\/div>\n","protected":false},"author":12,"featured_media":213256,"comment_status":"open","ping_status":"open","sticky":false,"template":"","format":"image","meta":{"footnotes":""},"categories":[172,46,8,5,7,383,3,45],"tags":[10429,10395,19153],"class_list":{"0":"post-213250","1":"post","2":"type-post","3":"status-publish","4":"format-image","5":"has-post-thumbnail","7":"category-benaguasil","8":"category-camp-de-turia","9":"category-la-comarca","10":"category-la-semana-en-imagenes","11":"category-ocio-y-cultura","12":"category-pueblos-en-fiestas","13":"category-seccion","14":"category-ventana","15":"tag-benaguasil","16":"tag-camp-de-turia","17":"tag-fallas-2024","18":"post_format-post-format-image"},"_links":{"self":[{"href":"https:\/\/www.tucomarca.com\/wordpress\/segunda\/wp-json\/wp\/v2\/posts\/213250","targetHints":{"allow":["GET"]}}],"collection":[{"href":"https:\/\/www.tucomarca.com\/wordpress\/segunda\/wp-json\/wp\/v2\/posts"}],"about":[{"href":"https:\/\/www.tucomarca.com\/wordpress\/segunda\/wp-json\/wp\/v2\/types\/post"}],"author":[{"embeddable":true,"href":"https:\/\/www.tucomarca.com\/wordpress\/segunda\/wp-json\/wp\/v2\/users\/12"}],"replies":[{"embeddable":true,"href":"https:\/\/www.tucomarca.com\/wordpress\/segunda\/wp-json\/wp\/v2\/comments?post=213250"}],"version-history":[{"count":0,"href":"https:\/\/www.tucomarca.com\/wordpress\/segunda\/wp-json\/wp\/v2\/posts\/213250\/revisions"}],"wp:featuredmedia":[{"embeddable":true,"href":"https:\/\/www.tucomarca.com\/wordpress\/segunda\/wp-json\/wp\/v2\/media\/213256"}],"wp:attachment":[{"href":"https:\/\/www.tucomarca.com\/wordpress\/segunda\/wp-json\/wp\/v2\/media?parent=213250"}],"wp:term":[{"taxonomy":"category","embeddable":true,"href":"https:\/\/www.tucomarca.com\/wordpress\/segunda\/wp-json\/wp\/v2\/categories?post=213250"},{"taxonomy":"post_tag","embeddable":true,"href":"https:\/\/www.tucomarca.com\/wordpress\/segunda\/wp-json\/wp\/v2\/tags?post=213250"}],"curies":[{"name":"wp","href":"https:\/\/api.w.org\/{rel}","templated":true}]}}