{"id":213405,"date":"2024-03-05T12:00:00","date_gmt":"2024-03-05T11:00:00","guid":{"rendered":"https:\/\/www.tucomarca.com\/wordpress\/segunda\/?p=213405"},"modified":"2024-03-05T15:28:30","modified_gmt":"2024-03-05T14:28:30","slug":"el-alcalde-de-utiel-ricardo-gabaldon-elogia-el-papel-de-mujeres-emprendedoras-del-municipio-y-de-la-comarca-como-agentes-del-cambio-social","status":"publish","type":"post","link":"https:\/\/www.tucomarca.com\/wordpress\/segunda\/el-alcalde-de-utiel-ricardo-gabaldon-elogia-el-papel-de-mujeres-emprendedoras-del-municipio-y-de-la-comarca-como-agentes-del-cambio-social\/","title":{"rendered":"El alcalde de Utiel, Ricardo Gabald\u00f3n, elogia el papel de mujeres emprendedoras del municipio y de la comarca como agentes del cambio social"},"content":{"rendered":"\n<h3 class=\"wp-block-heading\">Ayer comenzaba la Semana de la Mujer en Utiel con la celebraci\u00f3n del I Encuentro Comarcal de Emprendimiento Mujer Rural.<\/h3>\n\n\n\n<p>Ayer el Ayuntamiento de Utiel iniciaba su programaci\u00f3n especial con motivo del D\u00eda Internacional de la Mujer con la celebraci\u00f3n del I Encuentro Comarcal de Emprendimiento Mujer Rural organizado por la Asociaci\u00f3n de Familias y Mujeres del Medio Rural (AFAMMER) que cont\u00f3 con muy buena acogida con la asistencia de representantes de asociaciones y entidades y ciudadan\u00eda en general.<br>El alcalde de Utiel y Diputado de Administraci\u00f3n General, Ricardo Gabald\u00f3n particip\u00f3 en el acto de clausura y traslad\u00f3 la enhorabuena a las ponentes por la valent\u00eda y determinaci\u00f3n a la hora de emprender sus negocios en el medio rural y abrir nuevos caminos en el desarrollo local como agentes del cambio social. Asimismo, Ricardo Gabald\u00f3n mostr\u00f3 el total compromiso del consistorio utielano para apoyar iniciativas como \u00e9stas que pongan en valor nuestro territorio.<br>Una interesante jornada en la que cinco mujeres emprendedoras de Utiel y comarca dieron su testimonio y compartieron experiencias y consejos desde diferentes \u00e1reas de trabajo con proyectos dedicados a la comunicaci\u00f3n corporativa (Lorena Monteagudo \u201cEl Descaro\u201d), hosteleria y restauraci\u00f3n (Marta C\u00f3cera y Mireia Felip \u201cCaf\u00e9 Sal\u00f3n P\u00e9rez y El Refugio\u201d) cosm\u00e9tica artesanal (Elena Mart\u00edn \u201cSiku Laboratorio\u201d) y artesan\u00eda tintorera (Esther Lim\u00f3n \u201carteRa\u00edz\u201d). El encuentro, moderado por Trinidad Herero, economista especializada en direcci\u00f3n, puso sobre la mesa la necesidad de romper barreras y de seguir luchando por la igualdad de oportunidades y el empoderamiento de las mujeres, especialmente en entornos como el rural que presenta m\u00e1s dificultades.<br>El I Encuentro de Comarcal de Emprendimiento Mujer Rural cont\u00f3 con representaci\u00f3n institucional de la Generalitat Valenciana con la participaci\u00f3n de la Directora general de Igualdad y del Instituto de las Mujeres, Davinia Bono y de la Secretaria Auton\u00f3mica de Igualdad y Diversidad, Asunci\u00f3n Quinz\u00e1. Durante sus intervenciones destacaron la importancia de continuar colaborando de forma conjunta entidades y asociaciones con las administraciones para poner en marcha iniciativas como \u00e9sta en la que las mujeres emprendedoras se convierten en agentes del cambio social.<br>En el acto tambi\u00e9n particip\u00f3 Carmina Febr\u00e9, concejala de mujer del Ayuntamiento de Utiel, Amparo Mora, presidenta de AFAMMER Comunitat Valenciana.y Roc\u00edo Cort\u00e9s, alcaldesa de Requena y presidenta de la FVMP.<\/p>\n\n\n\n<figure class=\"wp-block-image size-full\"><img loading=\"lazy\" decoding=\"async\" width=\"886\" height=\"665\" src=\"https:\/\/www.tucomarca.com\/wordpress\/segunda\/wp-content\/uploads\/2024\/03\/UtielEmpredimientoRural2.jpg\" alt=\"\" class=\"wp-image-213409\" srcset=\"https:\/\/www.tucomarca.com\/wordpress\/segunda\/wp-content\/uploads\/2024\/03\/UtielEmpredimientoRural2.jpg 886w, https:\/\/www.tucomarca.com\/wordpress\/segunda\/wp-content\/uploads\/2024\/03\/UtielEmpredimientoRural2-300x225.jpg 300w, https:\/\/www.tucomarca.com\/wordpress\/segunda\/wp-content\/uploads\/2024\/03\/UtielEmpredimientoRural2-768x576.jpg 768w, https:\/\/www.tucomarca.com\/wordpress\/segunda\/wp-content\/uploads\/2024\/03\/UtielEmpredimientoRural2-678x509.jpg 678w, https:\/\/www.tucomarca.com\/wordpress\/segunda\/wp-content\/uploads\/2024\/03\/UtielEmpredimientoRural2-326x245.jpg 326w, https:\/\/www.tucomarca.com\/wordpress\/segunda\/wp-content\/uploads\/2024\/03\/UtielEmpredimientoRural2-80x60.jpg 80w\" sizes=\"auto, (max-width: 886px) 100vw, 886px\" \/><\/figure>\n","protected":false},"excerpt":{"rendered":"<div class=\"mh-excerpt\">Ayer comenzaba la Semana de la Mujer en Utiel con la celebraci\u00f3n del I Encuentro Comarcal de Emprendimiento Mujer Rural. Ayer el Ayuntamiento de Utiel iniciaba su programaci\u00f3n especial con motivo del D\u00eda Internacional de <a class=\"mh-excerpt-more\" href=\"https:\/\/www.tucomarca.com\/wordpress\/segunda\/el-alcalde-de-utiel-ricardo-gabaldon-elogia-el-papel-de-mujeres-emprendedoras-del-municipio-y-de-la-comarca-como-agentes-del-cambio-social\/\" title=\"El alcalde de Utiel, Ricardo Gabald\u00f3n, elogia el papel de mujeres emprendedoras del municipio y de la comarca como agentes del cambio social\">[+] <\/a><\/div>\n","protected":false},"author":12,"featured_media":213407,"comment_status":"open","ping_status":"open","sticky":false,"template":"","format":"image","meta":{"footnotes":""},"categories":[8,142,27,3,29,45],"tags":[9362,10387,10389],"class_list":{"0":"post-213405","1":"post","2":"type-post","3":"status-publish","4":"format-image","5":"has-post-thumbnail","7":"category-la-comarca","8":"category-politica-la-comarca","9":"category-requena-utiel","10":"category-seccion","11":"category-utiel","12":"category-ventana","13":"tag-mujer-rural","14":"tag-requena-utiel","15":"tag-utiel","16":"post_format-post-format-image"},"_links":{"self":[{"href":"https:\/\/www.tucomarca.com\/wordpress\/segunda\/wp-json\/wp\/v2\/posts\/213405","targetHints":{"allow":["GET"]}}],"collection":[{"href":"https:\/\/www.tucomarca.com\/wordpress\/segunda\/wp-json\/wp\/v2\/posts"}],"about":[{"href":"https:\/\/www.tucomarca.com\/wordpress\/segunda\/wp-json\/wp\/v2\/types\/post"}],"author":[{"embeddable":true,"href":"https:\/\/www.tucomarca.com\/wordpress\/segunda\/wp-json\/wp\/v2\/users\/12"}],"replies":[{"embeddable":true,"href":"https:\/\/www.tucomarca.com\/wordpress\/segunda\/wp-json\/wp\/v2\/comments?post=213405"}],"version-history":[{"count":0,"href":"https:\/\/www.tucomarca.com\/wordpress\/segunda\/wp-json\/wp\/v2\/posts\/213405\/revisions"}],"wp:featuredmedia":[{"embeddable":true,"href":"https:\/\/www.tucomarca.com\/wordpress\/segunda\/wp-json\/wp\/v2\/media\/213407"}],"wp:attachment":[{"href":"https:\/\/www.tucomarca.com\/wordpress\/segunda\/wp-json\/wp\/v2\/media?parent=213405"}],"wp:term":[{"taxonomy":"category","embeddable":true,"href":"https:\/\/www.tucomarca.com\/wordpress\/segunda\/wp-json\/wp\/v2\/categories?post=213405"},{"taxonomy":"post_tag","embeddable":true,"href":"https:\/\/www.tucomarca.com\/wordpress\/segunda\/wp-json\/wp\/v2\/tags?post=213405"}],"curies":[{"name":"wp","href":"https:\/\/api.w.org\/{rel}","templated":true}]}}