{"id":2136,"date":"2012-05-21T10:30:37","date_gmt":"2012-05-21T09:30:37","guid":{"rendered":"http:\/\/www.tucomarca.com\/wordpress\/segunda\/?p=2136"},"modified":"2012-05-21T18:31:06","modified_gmt":"2012-05-21T17:31:06","slug":"buen-papel-de-las-bandas-de-alcantara-de-xuquer-y-tous-en-la-tercera-seccion-en-el-xxxvi-certamen-provincial-de-bandas-de-musica","status":"publish","type":"post","link":"https:\/\/www.tucomarca.com\/wordpress\/segunda\/buen-papel-de-las-bandas-de-alcantara-de-xuquer-y-tous-en-la-tercera-seccion-en-el-xxxvi-certamen-provincial-de-bandas-de-musica\/","title":{"rendered":"Buen papel de las bandas de Alc\u00e0ntara de X\u00faquer y Tous en la Tercera Secci\u00f3n en el XXXVI Certamen Provincial de Bandas de M\u00fasica"},"content":{"rendered":"<p>El jurado calificador del XXXVI Certamen Provincial de Bandas de M\u00fasica de la Diputaci\u00f3n de Valencia, ha dado a conocer, los resultados de las actuaciones de las bandas de la tercera secci\u00f3n que actuaban este domingo por la tarde en el Palau de la M\u00fasica de Valencia.<\/p>\n<p>Dicho jurado ha distinguido a la Sociedad Musical Santa Cecilia de Fortaleny, con la Menci\u00f3n de Honor y primer premio de la Tercera Secci\u00f3n. La agrupaci\u00f3n ha recibido 335 puntos.<\/p>\n<p>Las otras bandas que han participado en la misma secci\u00f3n han obtenido las siguientes puntuaciones: Primer premio, Societat Art\u00edstic Musical de Alc\u00e0ntera de X\u00faquer, que ha recibido 323,75 puntos. Segundo premio, Asociaci\u00f3n Allegro de Valencia, con 285 puntos, Tercer premio, Sociedad Musical de Tous, con 200 puntos.<\/p>\n<p>La elecci\u00f3n de las piezas obligadas se efect\u00faa seg\u00fan turno rotativo por las diputaciones provinciales de Alicante, Valencia y Castell\u00f3n. Cada una de las instituciones selecciona la pieza de una secci\u00f3n, que deber\u00e1 ser obra obligada en los tres cert\u00e1menes provinciales.<\/p>\n<p>La obra de interpretaci\u00f3n obligatoria en la secci\u00f3n tercera del XXXVI certamen provincial de bandas de m\u00fasica ha sido: 8 de febrer, de Vicente Ortiz, seleccionada por la Diputaci\u00f3n de Castell\u00f3n.<\/p>\n","protected":false},"excerpt":{"rendered":"<div class=\"mh-excerpt\">El jurado calificador del XXXVI Certamen Provincial de Bandas de M\u00fasica de la Diputaci\u00f3n de Valencia, ha dado a conocer, los resultados de las actuaciones de las bandas de la tercera secci\u00f3n que actuaban este <a class=\"mh-excerpt-more\" href=\"https:\/\/www.tucomarca.com\/wordpress\/segunda\/buen-papel-de-las-bandas-de-alcantara-de-xuquer-y-tous-en-la-tercera-seccion-en-el-xxxvi-certamen-provincial-de-bandas-de-musica\/\" title=\"Buen papel de las bandas de Alc\u00e0ntara de X\u00faquer y Tous en la Tercera Secci\u00f3n en el XXXVI Certamen Provincial de Bandas de M\u00fasica\">[+] <\/a><\/div>\n","protected":false},"author":1,"featured_media":0,"comment_status":"open","ping_status":"open","sticky":false,"template":"","format":"standard","meta":{"footnotes":""},"categories":[145,66,42,7,3,159],"tags":[],"class_list":{"0":"post-2136","1":"post","2":"type-post","3":"status-publish","4":"format-standard","6":"category-alcantera-de-xuquer","7":"category-musica","8":"category-la-ribera","9":"category-ocio-y-cultura","10":"category-seccion","11":"category-tous"},"_links":{"self":[{"href":"https:\/\/www.tucomarca.com\/wordpress\/segunda\/wp-json\/wp\/v2\/posts\/2136","targetHints":{"allow":["GET"]}}],"collection":[{"href":"https:\/\/www.tucomarca.com\/wordpress\/segunda\/wp-json\/wp\/v2\/posts"}],"about":[{"href":"https:\/\/www.tucomarca.com\/wordpress\/segunda\/wp-json\/wp\/v2\/types\/post"}],"author":[{"embeddable":true,"href":"https:\/\/www.tucomarca.com\/wordpress\/segunda\/wp-json\/wp\/v2\/users\/1"}],"replies":[{"embeddable":true,"href":"https:\/\/www.tucomarca.com\/wordpress\/segunda\/wp-json\/wp\/v2\/comments?post=2136"}],"version-history":[{"count":0,"href":"https:\/\/www.tucomarca.com\/wordpress\/segunda\/wp-json\/wp\/v2\/posts\/2136\/revisions"}],"wp:attachment":[{"href":"https:\/\/www.tucomarca.com\/wordpress\/segunda\/wp-json\/wp\/v2\/media?parent=2136"}],"wp:term":[{"taxonomy":"category","embeddable":true,"href":"https:\/\/www.tucomarca.com\/wordpress\/segunda\/wp-json\/wp\/v2\/categories?post=2136"},{"taxonomy":"post_tag","embeddable":true,"href":"https:\/\/www.tucomarca.com\/wordpress\/segunda\/wp-json\/wp\/v2\/tags?post=2136"}],"curies":[{"name":"wp","href":"https:\/\/api.w.org\/{rel}","templated":true}]}}