{"id":21411,"date":"2013-12-26T13:22:35","date_gmt":"2013-12-26T10:22:35","guid":{"rendered":"http:\/\/www.tucomarca.com\/wordpress\/segunda\/?p=21411"},"modified":"2013-12-26T13:22:42","modified_gmt":"2013-12-26T10:22:42","slug":"cine-en-requena","status":"publish","type":"post","link":"https:\/\/www.tucomarca.com\/wordpress\/segunda\/cine-en-requena\/","title":{"rendered":"Cine en Requena"},"content":{"rendered":"<p><a href=\"https:\/\/www.tucomarca.com\/wordpress\/segunda\/?attachment_id=21412\" rel=\"attachment wp-att-21412\"><img loading=\"lazy\" decoding=\"async\" src=\"https:\/\/www.tucomarca.com\/wordpress\/segunda\/wp-content\/uploads\/2013\/12\/cartel-202x300.jpg\" alt=\"\" title=\"cartel\" width=\"202\" height=\"300\" class=\"alignleft size-medium wp-image-21412\" srcset=\"https:\/\/www.tucomarca.com\/wordpress\/segunda\/wp-content\/uploads\/2013\/12\/cartel-202x300.jpg 202w, https:\/\/www.tucomarca.com\/wordpress\/segunda\/wp-content\/uploads\/2013\/12\/cartel.jpg 225w\" sizes=\"auto, (max-width: 202px) 100vw, 202px\" \/><\/a>Este jueves llega a Requena la \u00faltima pel\u00edcula de Disney. Peque\u00f1os y mayores podremos disfrutar de \u201cFrozen. El reino de hielo\u201d en el Teatro Principal a las 17:30 horas.<\/p>\n<p>El film, estrenado el pasado 29 de noviembre, est\u00e1 basado en la novela infantil \u201cLa Reina de las Nieves\u201d de Hans Christian Andersen y narra la historia de la princesa Anna, que se embarca en un viaje \u00e9pico junto a un hombre de las monta\u00f1as, su fiel reno y un desventurado mu\u00f1eco de nieve con el fin de encontrar a su hermana Elsa, la Reina de las Nieves, cuyos poderes heladores han atrapado el reino en un invierno eterno.<\/p>\n<p>Se trata de una de las mejores pel\u00edculas de 2013 de acuerdo con la mayor\u00eda de cr\u00edticos cinematogr\u00e1ficos que destacan sobre todo su banda sonora y la puesta al d\u00eda de los cuentos de hadas tradicionales de Disney con un tono m\u00e1s cercano a sus grandes obras de principios de los a\u00f1os 90 que a cualquier otra etapa de los cl\u00e1sicos Disney. <\/p>\n","protected":false},"excerpt":{"rendered":"<div class=\"mh-excerpt\">Este jueves llega a Requena la \u00faltima pel\u00edcula de Disney. Peque\u00f1os y mayores podremos disfrutar de \u201cFrozen. El reino de hielo\u201d en el Teatro Principal a las 17:30 horas. El film, estrenado el pasado 29 <a class=\"mh-excerpt-more\" href=\"https:\/\/www.tucomarca.com\/wordpress\/segunda\/cine-en-requena\/\" title=\"Cine en Requena\">[+] <\/a><\/div>\n","protected":false},"author":2,"featured_media":21412,"comment_status":"open","ping_status":"open","sticky":false,"template":"","format":"standard","meta":{"footnotes":""},"categories":[4,3],"tags":[86,2779,536,10388],"class_list":{"0":"post-21411","1":"post","2":"type-post","3":"status-publish","4":"format-standard","5":"has-post-thumbnail","7":"category-agenda","8":"category-seccion","9":"tag-cine","10":"tag-frozen","11":"tag-navidad","12":"tag-requena"},"_links":{"self":[{"href":"https:\/\/www.tucomarca.com\/wordpress\/segunda\/wp-json\/wp\/v2\/posts\/21411","targetHints":{"allow":["GET"]}}],"collection":[{"href":"https:\/\/www.tucomarca.com\/wordpress\/segunda\/wp-json\/wp\/v2\/posts"}],"about":[{"href":"https:\/\/www.tucomarca.com\/wordpress\/segunda\/wp-json\/wp\/v2\/types\/post"}],"author":[{"embeddable":true,"href":"https:\/\/www.tucomarca.com\/wordpress\/segunda\/wp-json\/wp\/v2\/users\/2"}],"replies":[{"embeddable":true,"href":"https:\/\/www.tucomarca.com\/wordpress\/segunda\/wp-json\/wp\/v2\/comments?post=21411"}],"version-history":[{"count":0,"href":"https:\/\/www.tucomarca.com\/wordpress\/segunda\/wp-json\/wp\/v2\/posts\/21411\/revisions"}],"wp:featuredmedia":[{"embeddable":true,"href":"https:\/\/www.tucomarca.com\/wordpress\/segunda\/wp-json\/wp\/v2\/media\/21412"}],"wp:attachment":[{"href":"https:\/\/www.tucomarca.com\/wordpress\/segunda\/wp-json\/wp\/v2\/media?parent=21411"}],"wp:term":[{"taxonomy":"category","embeddable":true,"href":"https:\/\/www.tucomarca.com\/wordpress\/segunda\/wp-json\/wp\/v2\/categories?post=21411"},{"taxonomy":"post_tag","embeddable":true,"href":"https:\/\/www.tucomarca.com\/wordpress\/segunda\/wp-json\/wp\/v2\/tags?post=21411"}],"curies":[{"name":"wp","href":"https:\/\/api.w.org\/{rel}","templated":true}]}}