{"id":214278,"date":"2024-03-12T09:00:00","date_gmt":"2024-03-12T08:00:00","guid":{"rendered":"http:\/\/www.tucomarca.com\/wordpress\/segunda\/?p=214278"},"modified":"2024-03-12T09:00:27","modified_gmt":"2024-03-12T08:00:27","slug":"enguix-propone-al-gobierno-de-espana-que-lleve-a-madrid-la-exposicion-les-fosses-del-franquisme-de-la-diputacio","status":"publish","type":"post","link":"https:\/\/www.tucomarca.com\/wordpress\/segunda\/enguix-propone-al-gobierno-de-espana-que-lleve-a-madrid-la-exposicion-les-fosses-del-franquisme-de-la-diputacio\/","title":{"rendered":"Enguix propone al Gobierno de Espa\u00f1a que lleve a Madrid la exposici\u00f3n \u2018Les fosses del franquisme\u2019 de la Diputaci\u00f3"},"content":{"rendered":"\n<h3 class=\"wp-block-heading\">La vicepresidenta primera, Nat\u00e0lia Enguix, se re\u00fane con la directora general de Memoria Democr\u00e1tica del ejecutivo central, Zoraida Hijosa, para establecer l\u00edneas de colaboraci\u00f3n entre ambas administraciones.<\/h3>\n\n\n\n<h3 class=\"wp-block-heading\">La idea de dar continuidad al proyecto del \u00e1rea de Memoria Hist\u00f3rica de la Diputaci\u00f3n, a trav\u00e9s de L\u2019ETNO y el Museu de Prehist\u00f2ria, se suma a otras actuaciones junto a la Secretar\u00eda de Estado en Ll\u00edria, Sueca y Paterna.<\/h3>\n\n\n\n<p>La vicepresidenta primera de la Diputaci\u00f3 de Val\u00e8ncia, Nat\u00e0lia Enguix, ha propuesto a la directora general de Memoria Democr\u00e1tica del Gobierno de Espa\u00f1a, Zoraida Hijosa, que el ejecutivo central d\u00e9 continuidad al proyecto expositivo \u2018Les fosses del franquisme\u2019, impulsado por la delegaci\u00f3n de Memoria Hist\u00f3rica de la corporaci\u00f3n provincial a trav\u00e9s de L\u2019ETNO y el Museu de Prehist\u00f2ria, ambos de la Diputaci\u00f3n.<\/p>\n\n\n\n<p>Enguix ha explicado que la reuni\u00f3n ha servido para \u201cabrir una v\u00eda muy importante de colaboraci\u00f3n con el Gobierno de Espa\u00f1a en materia de memoria hist\u00f3rica\u201d. Durante el encuentro en la sede central de la Diputaci\u00f3n en plaza Manises, se ha analizado el trabajo que viene desarrollando la delegaci\u00f3n que dirige Nat\u00e0lia Enguix, y que en los \u00faltimos a\u00f1os ha invertido m\u00e1s de tres millones de euros en la exhumaci\u00f3n e identificaci\u00f3n de los restos de v\u00edctimas de la Guerra Civil.&nbsp;<\/p>\n\n\n\n<p>En palabras de la vicepresidenta, \u201cdesde el Gobierno nos han transmitido su satisfacci\u00f3n por el trabajo que estamos llevando a cabo en la Diputaci\u00f3n, no solo en la subvenci\u00f3n de las exhumaciones y los estudios posteriores del ADN de las v\u00edctimas, sino tambi\u00e9n esa tarea pedag\u00f3gica que consideramos imprescindible, ya que las nuevas generaciones deben conocer esa parte de la historia que no se nos ha contado y que ha quedado incompleta\u201d.<\/p>\n\n\n\n<p>Por su parte, la directora general de Memoria Democr\u00e1tica, Zoraida Hijosa, se ha mostrado convencida de poder \u201creforzar las v\u00edas de colaboraci\u00f3n con la Diputaci\u00f3n de Valencia y aprovechar las sinergias creadas entre todas las instituciones que tenemos en marcha pol\u00edticas memorialistas\u201d. Hijosa, que lleg\u00f3 recientemente al cargo, est\u00e1 visitando las diferentes administraciones que trabajan la memoria hist\u00f3rica en Espa\u00f1a, trasladando la \u201cpredisposici\u00f3n absoluta del Gobierno para colaborar con las diputaciones, ayuntamientos y asociaciones que tienen en marcha proyectos de recuperaci\u00f3n de la historia\u201d.&nbsp;<\/p>\n\n\n\n<p>La directora general ha mostrado un gran inter\u00e9s en la exposici\u00f3n \u2018Les fosses del franquisme\u00bb y ha anunciado la intenci\u00f3n de implicar a los equipos del Ministerio para que pueda llevarse a otros lugares de la geograf\u00eda nacional, incluso poder contar con alg\u00fan lugar de exposici\u00f3n permanente en la capital. Esta ha sido la respuesta de Zoraida Hijosa a la propuesta de la vicepresidenta Enguix, a quien le gustar\u00eda \u201cdar continuidad a la muestra una vez finalice su estancia en la Benefic\u00e8ncia\u201d.<\/p>\n\n\n\n<p><strong>Proyectos en Ll\u00edria, Sueca y Paterna<\/strong><\/p>\n\n\n\n<p>Los contactos entre la delegaci\u00f3n que dirige Nat\u00e0lia Enguix y la Secretar\u00eda de Estado de Memoria Democr\u00e1tica se vienen produciendo desde finales del pasado a\u00f1o, cuando la Diputaci\u00f3n solicit\u00f3 la colaboraci\u00f3n estatal para diferentes proyectos programados para el presente a\u00f1o. Entre ellos, la exhumaci\u00f3n de fosas comunes en el cementerio de Paterna, donde se espera hallar los restos de 80 v\u00edctimas; el estudio antropol\u00f3gico y la identificaci\u00f3n de restos recuperados en el cementerio de Sueca; y la tercera campa\u00f1a de localizaci\u00f3n, excavaci\u00f3n, exhumaci\u00f3n e identificaci\u00f3n en el cementerio de Ll\u00edria.<\/p>\n\n\n\n<p>El coste total de estos tres proyectos que podr\u00edan ser financiados por el Gobierno asciende a algo m\u00e1s de 400.000 euros, que se sumar\u00edan a los m\u00e1s de 700.000 euros que la Diputaci\u00f3n destinar\u00e1 este a\u00f1o a subvencionar actuaciones de recuperaci\u00f3n e identificaci\u00f3n de v\u00edctimas con asociaciones memorialistas de la provincia.&nbsp;<\/p>\n\n\n\n<p>De esta forma, la Diputaci\u00f3 de Val\u00e8ncia \u201csigue siendo una de las instituciones m\u00e1s implicadas en la recuperaci\u00f3n de la memoria y en completar esa historia que no se nos ha contado de forma completa\u201d, insiste Enguix, quien recuerda que desde que el gobierno provincial liderado por Jorge Rodr\u00edguez cre\u00f3 esta delegaci\u00f3n en 2015, la Diputaci\u00f3n ha dado cobertura econ\u00f3mica a m\u00e1s de 40 proyectos, con 1.210 v\u00edctimas exhumadas y 166 identificadas gen\u00e9ticamente.<\/p>\n\n\n\n<p>La tarea pedag\u00f3gica a la que hac\u00eda referencia Enguix se traduce en otros proyectos e iniciativas como el Archivo de Historia Oral, las colaboraciones con la Universitat, los premios a alumnado de Secundaria por sus trabajos sobre la Memoria, el env\u00edo de lotes de libros a las bibliotecas municipales, el Teatro de la Memoria organizado junto al Escalante, y producci\u00f3n museogr\u00e1fica como la que han trabajado conjuntamente L\u2019ETNO y el Museu de Prehist\u00f2ria en \u2018Les fosses del franquisme\u2019.<\/p>\n","protected":false},"excerpt":{"rendered":"<div class=\"mh-excerpt\">La vicepresidenta primera, Nat\u00e0lia Enguix, se re\u00fane con la directora general de Memoria Democr\u00e1tica del ejecutivo central, Zoraida Hijosa, para establecer l\u00edneas de colaboraci\u00f3n entre ambas administraciones. La idea de dar continuidad al proyecto del <a class=\"mh-excerpt-more\" href=\"https:\/\/www.tucomarca.com\/wordpress\/segunda\/enguix-propone-al-gobierno-de-espana-que-lleve-a-madrid-la-exposicion-les-fosses-del-franquisme-de-la-diputacio\/\" title=\"Enguix propone al Gobierno de Espa\u00f1a que lleve a Madrid la exposici\u00f3n \u2018Les fosses del franquisme\u2019 de la Diputaci\u00f3\">[+] <\/a><\/div>\n","protected":false},"author":12,"featured_media":214280,"comment_status":"open","ping_status":"open","sticky":false,"template":"","format":"standard","meta":{"footnotes":""},"categories":[46,8,72,47,142,3,45],"tags":[3677,82,20261],"class_list":{"0":"post-214278","1":"post","2":"type-post","3":"status-publish","4":"format-standard","5":"has-post-thumbnail","7":"category-camp-de-turia","8":"category-la-comarca","9":"category-sin-categorizar","10":"category-lliria","11":"category-politica-la-comarca","12":"category-seccion","13":"category-ventana","14":"tag-diputacio-de-valencia","15":"tag-memoria-historica","16":"tag-natalia-enguix"},"_links":{"self":[{"href":"https:\/\/www.tucomarca.com\/wordpress\/segunda\/wp-json\/wp\/v2\/posts\/214278","targetHints":{"allow":["GET"]}}],"collection":[{"href":"https:\/\/www.tucomarca.com\/wordpress\/segunda\/wp-json\/wp\/v2\/posts"}],"about":[{"href":"https:\/\/www.tucomarca.com\/wordpress\/segunda\/wp-json\/wp\/v2\/types\/post"}],"author":[{"embeddable":true,"href":"https:\/\/www.tucomarca.com\/wordpress\/segunda\/wp-json\/wp\/v2\/users\/12"}],"replies":[{"embeddable":true,"href":"https:\/\/www.tucomarca.com\/wordpress\/segunda\/wp-json\/wp\/v2\/comments?post=214278"}],"version-history":[{"count":0,"href":"https:\/\/www.tucomarca.com\/wordpress\/segunda\/wp-json\/wp\/v2\/posts\/214278\/revisions"}],"wp:featuredmedia":[{"embeddable":true,"href":"https:\/\/www.tucomarca.com\/wordpress\/segunda\/wp-json\/wp\/v2\/media\/214280"}],"wp:attachment":[{"href":"https:\/\/www.tucomarca.com\/wordpress\/segunda\/wp-json\/wp\/v2\/media?parent=214278"}],"wp:term":[{"taxonomy":"category","embeddable":true,"href":"https:\/\/www.tucomarca.com\/wordpress\/segunda\/wp-json\/wp\/v2\/categories?post=214278"},{"taxonomy":"post_tag","embeddable":true,"href":"https:\/\/www.tucomarca.com\/wordpress\/segunda\/wp-json\/wp\/v2\/tags?post=214278"}],"curies":[{"name":"wp","href":"https:\/\/api.w.org\/{rel}","templated":true}]}}