{"id":214465,"date":"2024-03-13T10:00:00","date_gmt":"2024-03-13T09:00:00","guid":{"rendered":"http:\/\/www.tucomarca.com\/wordpress\/segunda\/?p=214465"},"modified":"2024-03-13T19:19:10","modified_gmt":"2024-03-13T18:19:10","slug":"cooperativas-agroalimentarias-y-la-upv-impulsan-una-jornada-de-networking-para-transformar-el-futuro-de-la-agricultura-valenciana","status":"publish","type":"post","link":"https:\/\/www.tucomarca.com\/wordpress\/segunda\/cooperativas-agroalimentarias-y-la-upv-impulsan-una-jornada-de-networking-para-transformar-el-futuro-de-la-agricultura-valenciana\/","title":{"rendered":"Cooperativas Agroalimentarias y la UPV impulsan una jornada de Networking para transformar el futuro de la agricultura valenciana"},"content":{"rendered":"\n<p>Cooperatives Agro-aliment\u00e0ries de la Comunitat Valenciana y la Oficina de Transferencia de Conocimiento (OTC) de la Universitat Polit\u00e8cnica de Val\u00e8ncia (UPV)\u00a0 junto con el Servicio de Promoci\u00f3n y Apoyo a la Investigaci\u00f3n, Innovaci\u00f3n y Transferencia (i2T) de la universidad han organizado una jornada de networking y matching que ha permitido generar sinergias entre las cooperativas agroalimentarias valencianas y el ecosistema de innovaci\u00f3n de la universidad. <\/p>\n\n\n\n<p>El objetivo es buscar soluciones conjuntas y reales a problem\u00e1ticas existentes en \u00e1mbitos como la mejora de la producci\u00f3n, la lucha contra plagas y enfermedades, la transformaci\u00f3n, la comercializaci\u00f3n o la gesti\u00f3n social, entre otros.\u00a0 <\/p>\n\n\n\n<p>M\u00e1s de un centenar de personas han participado en la jornada, celebrada en el auditorio del Cubo Azul de la Ciudad Polit\u00e9cnica de la Innovaci\u00f3n (CPI-UPV). En la inauguraci\u00f3n, el presidente de Federaci\u00f3, Cirilo Arnandis, record\u00f3 que \u201cinnovar no es una opci\u00f3n para las cooperativas agroalimentarias, sino una necesidad\u201d y apunt\u00f3 al \u00e1mbito de la producci\u00f3n, al econ\u00f3mico y de la comercializaci\u00f3n y al \u00e1mbito social como las tres \u00e1reas en las que las cooperativas agroalimentarias valencianas deben desarrollar una cultura de innovaci\u00f3n constante. <\/p>\n\n\n\n<p>Para Arnandis, \u201cla innovaci\u00f3n nace en las universidades, en los centros tecnol\u00f3gicos y de investigaci\u00f3n\u201d, pero \u201cpara que salga de los laboratorios, es imprescindible establecer sinergias con quienes se encargan de investigar\u201d. Informa, <strong>Luis Ib\u00e1\u00f1ez.<\/strong><\/p>\n\n\n\n<figure class=\"wp-block-gallery has-nested-images columns-default is-cropped wp-block-gallery-1 is-layout-flex wp-block-gallery-is-layout-flex\">\n<figure class=\"wp-block-image size-large\"><img loading=\"lazy\" decoding=\"async\" width=\"886\" height=\"591\" data-id=\"214471\" src=\"https:\/\/www.tucomarca.com\/wordpress\/segunda\/wp-content\/uploads\/2024\/03\/UPV-Coop1.jpg\" alt=\"\" class=\"wp-image-214471\" srcset=\"https:\/\/www.tucomarca.com\/wordpress\/segunda\/wp-content\/uploads\/2024\/03\/UPV-Coop1.jpg 886w, https:\/\/www.tucomarca.com\/wordpress\/segunda\/wp-content\/uploads\/2024\/03\/UPV-Coop1-300x200.jpg 300w, https:\/\/www.tucomarca.com\/wordpress\/segunda\/wp-content\/uploads\/2024\/03\/UPV-Coop1-768x512.jpg 768w\" sizes=\"auto, (max-width: 886px) 100vw, 886px\" \/><\/figure>\n\n\n\n<figure class=\"wp-block-image size-large\"><img loading=\"lazy\" decoding=\"async\" width=\"886\" height=\"591\" data-id=\"214467\" src=\"https:\/\/www.tucomarca.com\/wordpress\/segunda\/wp-content\/uploads\/2024\/03\/UPV-Coop3.jpg\" alt=\"\" class=\"wp-image-214467\" srcset=\"https:\/\/www.tucomarca.com\/wordpress\/segunda\/wp-content\/uploads\/2024\/03\/UPV-Coop3.jpg 886w, https:\/\/www.tucomarca.com\/wordpress\/segunda\/wp-content\/uploads\/2024\/03\/UPV-Coop3-300x200.jpg 300w, https:\/\/www.tucomarca.com\/wordpress\/segunda\/wp-content\/uploads\/2024\/03\/UPV-Coop3-768x512.jpg 768w\" sizes=\"auto, (max-width: 886px) 100vw, 886px\" \/><\/figure>\n<\/figure>\n","protected":false},"excerpt":{"rendered":"<div class=\"mh-excerpt\">Cooperatives Agro-aliment\u00e0ries de la Comunitat Valenciana y la Oficina de Transferencia de Conocimiento (OTC) de la Universitat Polit\u00e8cnica de Val\u00e8ncia (UPV)\u00a0 junto con el Servicio de Promoci\u00f3n y Apoyo a la Investigaci\u00f3n, Innovaci\u00f3n y Transferencia <a class=\"mh-excerpt-more\" href=\"https:\/\/www.tucomarca.com\/wordpress\/segunda\/cooperativas-agroalimentarias-y-la-upv-impulsan-una-jornada-de-networking-para-transformar-el-futuro-de-la-agricultura-valenciana\/\" title=\"Cooperativas Agroalimentarias y la UPV impulsan una jornada de Networking para transformar el futuro de la agricultura valenciana\">[+] <\/a><\/div>\n","protected":false},"author":12,"featured_media":214469,"comment_status":"open","ping_status":"open","sticky":false,"template":"","format":"image","meta":{"footnotes":""},"categories":[169,128,8,72,142,27,3],"tags":[19763,12691],"class_list":{"0":"post-214465","1":"post","2":"type-post","3":"status-publish","4":"format-image","5":"has-post-thumbnail","7":"category-agricultura-la-comarca","8":"category-infraestructuras","9":"category-la-comarca","10":"category-sin-categorizar","11":"category-politica-la-comarca","12":"category-requena-utiel","13":"category-seccion","14":"tag-cooperativas-agroalimentarias-valencianas","15":"tag-universitat-politecnica-de-valencia","16":"post_format-post-format-image"},"_links":{"self":[{"href":"https:\/\/www.tucomarca.com\/wordpress\/segunda\/wp-json\/wp\/v2\/posts\/214465","targetHints":{"allow":["GET"]}}],"collection":[{"href":"https:\/\/www.tucomarca.com\/wordpress\/segunda\/wp-json\/wp\/v2\/posts"}],"about":[{"href":"https:\/\/www.tucomarca.com\/wordpress\/segunda\/wp-json\/wp\/v2\/types\/post"}],"author":[{"embeddable":true,"href":"https:\/\/www.tucomarca.com\/wordpress\/segunda\/wp-json\/wp\/v2\/users\/12"}],"replies":[{"embeddable":true,"href":"https:\/\/www.tucomarca.com\/wordpress\/segunda\/wp-json\/wp\/v2\/comments?post=214465"}],"version-history":[{"count":0,"href":"https:\/\/www.tucomarca.com\/wordpress\/segunda\/wp-json\/wp\/v2\/posts\/214465\/revisions"}],"wp:featuredmedia":[{"embeddable":true,"href":"https:\/\/www.tucomarca.com\/wordpress\/segunda\/wp-json\/wp\/v2\/media\/214469"}],"wp:attachment":[{"href":"https:\/\/www.tucomarca.com\/wordpress\/segunda\/wp-json\/wp\/v2\/media?parent=214465"}],"wp:term":[{"taxonomy":"category","embeddable":true,"href":"https:\/\/www.tucomarca.com\/wordpress\/segunda\/wp-json\/wp\/v2\/categories?post=214465"},{"taxonomy":"post_tag","embeddable":true,"href":"https:\/\/www.tucomarca.com\/wordpress\/segunda\/wp-json\/wp\/v2\/tags?post=214465"}],"curies":[{"name":"wp","href":"https:\/\/api.w.org\/{rel}","templated":true}]}}