{"id":214673,"date":"2024-03-15T09:30:00","date_gmt":"2024-03-15T08:30:00","guid":{"rendered":"http:\/\/www.tucomarca.com\/wordpress\/segunda\/?p=214673"},"modified":"2024-03-15T11:28:22","modified_gmt":"2024-03-15T10:28:22","slug":"detienen-a-un-vecino-de-chiva-por-fingir-un-atraco-para-cobrar-el-seguro-del-movil","status":"publish","type":"post","link":"https:\/\/www.tucomarca.com\/wordpress\/segunda\/detienen-a-un-vecino-de-chiva-por-fingir-un-atraco-para-cobrar-el-seguro-del-movil\/","title":{"rendered":"Detienen a un vecino de Chiva por fingir un atraco para cobrar el seguro del m\u00f3vil"},"content":{"rendered":"\n<p>Agentes de la Polic\u00eda Nacional han detenido en Chiva a un var\u00f3n de origen espa\u00f1ol, de 26 a\u00f1os, como presunto autor de una simulaci\u00f3n de delito y estafa tras hacer una denuncia falsa del robo de su m\u00f3vil y dar parte al seguro para conseguir su reemplazo, ya que denunci\u00f3 que varios hombres le atracaron a punta de una navaja a la salida de una discoteca de Valencia, rob\u00e1ndole su tel\u00e9fono de alta gama.\u00a0<\/p>\n\n\n\n<p>Se averigu\u00f3 que el terminal, supuestamente sustra\u00eddo, hab\u00eda sido vendido por un familiar del detenido a trav\u00e9s de una conocida plataforma de venta online de segunda mano, as\u00ed mismo se tuvo conocimiento adem\u00e1s de que la supuesta v\u00edctima hab\u00eda dado parte a la compa\u00f1\u00eda de seguros, por lo que consigui\u00f3 un tel\u00e9fono nuevo de id\u00e9nticas caracter\u00edsticas, constando claros indicios de que podr\u00eda tratarse de una simulaci\u00f3n de delito.<\/p>\n\n\n\n<p>Tras su declaraci\u00f3n fue puesto en libertad, continuando la investigaci\u00f3n abierta para el total esclarecimiento de los hechos.<\/p>\n","protected":false},"excerpt":{"rendered":"<div class=\"mh-excerpt\">Agentes de la Polic\u00eda Nacional han detenido en Chiva a un var\u00f3n de origen espa\u00f1ol, de 26 a\u00f1os, como presunto autor de una simulaci\u00f3n de delito y estafa tras hacer una denuncia falsa del robo <a class=\"mh-excerpt-more\" href=\"https:\/\/www.tucomarca.com\/wordpress\/segunda\/detienen-a-un-vecino-de-chiva-por-fingir-un-atraco-para-cobrar-el-seguro-del-movil\/\" title=\"Detienen a un vecino de Chiva por fingir un atraco para cobrar el seguro del m\u00f3vil\">[+] <\/a><\/div>\n","protected":false},"author":12,"featured_media":214675,"comment_status":"open","ping_status":"open","sticky":false,"template":"","format":"standard","meta":{"footnotes":""},"categories":[16,8,10,3,116],"tags":[10384,5952,4081],"class_list":{"0":"post-214673","1":"post","2":"type-post","3":"status-publish","4":"format-standard","5":"has-post-thumbnail","7":"category-chiva","8":"category-la-comarca","9":"category-la-hoya","10":"category-seccion","11":"category-sucesos-la-comarca","12":"tag-chiva","13":"tag-la-hoya-de-bunol-chiva","14":"tag-policia-nacional"},"_links":{"self":[{"href":"https:\/\/www.tucomarca.com\/wordpress\/segunda\/wp-json\/wp\/v2\/posts\/214673","targetHints":{"allow":["GET"]}}],"collection":[{"href":"https:\/\/www.tucomarca.com\/wordpress\/segunda\/wp-json\/wp\/v2\/posts"}],"about":[{"href":"https:\/\/www.tucomarca.com\/wordpress\/segunda\/wp-json\/wp\/v2\/types\/post"}],"author":[{"embeddable":true,"href":"https:\/\/www.tucomarca.com\/wordpress\/segunda\/wp-json\/wp\/v2\/users\/12"}],"replies":[{"embeddable":true,"href":"https:\/\/www.tucomarca.com\/wordpress\/segunda\/wp-json\/wp\/v2\/comments?post=214673"}],"version-history":[{"count":0,"href":"https:\/\/www.tucomarca.com\/wordpress\/segunda\/wp-json\/wp\/v2\/posts\/214673\/revisions"}],"wp:featuredmedia":[{"embeddable":true,"href":"https:\/\/www.tucomarca.com\/wordpress\/segunda\/wp-json\/wp\/v2\/media\/214675"}],"wp:attachment":[{"href":"https:\/\/www.tucomarca.com\/wordpress\/segunda\/wp-json\/wp\/v2\/media?parent=214673"}],"wp:term":[{"taxonomy":"category","embeddable":true,"href":"https:\/\/www.tucomarca.com\/wordpress\/segunda\/wp-json\/wp\/v2\/categories?post=214673"},{"taxonomy":"post_tag","embeddable":true,"href":"https:\/\/www.tucomarca.com\/wordpress\/segunda\/wp-json\/wp\/v2\/tags?post=214673"}],"curies":[{"name":"wp","href":"https:\/\/api.w.org\/{rel}","templated":true}]}}