{"id":214957,"date":"2024-03-17T19:11:19","date_gmt":"2024-03-17T18:11:19","guid":{"rendered":"https:\/\/www.tucomarca.com\/wordpress\/segunda\/?p=214957"},"modified":"2024-03-17T19:26:40","modified_gmt":"2024-03-17T18:26:40","slug":"la-comision-de-las-ventas-y-la-de-nuevo-bunol-obtienen-los-primeros-premios-en-las-fallas-2024-de-la-localidad","status":"publish","type":"post","link":"https:\/\/www.tucomarca.com\/wordpress\/segunda\/la-comision-de-las-ventas-y-la-de-nuevo-bunol-obtienen-los-primeros-premios-en-las-fallas-2024-de-la-localidad\/","title":{"rendered":"La comisi\u00f3n de Las Ventas y la de Nuevo Bu\u00f1ol obtienen los primeros premios en las Fallas 2024 de la localidad"},"content":{"rendered":"\n<figure class=\"wp-block-image size-large\"><img loading=\"lazy\" decoding=\"async\" width=\"1024\" height=\"682\" src=\"https:\/\/www.tucomarca.com\/wordpress\/segunda\/wp-content\/uploads\/2024\/03\/VentasGra-1024x682.jpg\" alt=\"\" class=\"wp-image-214976\" srcset=\"https:\/\/www.tucomarca.com\/wordpress\/segunda\/wp-content\/uploads\/2024\/03\/VentasGra-1024x682.jpg 1024w, https:\/\/www.tucomarca.com\/wordpress\/segunda\/wp-content\/uploads\/2024\/03\/VentasGra-300x200.jpg 300w, https:\/\/www.tucomarca.com\/wordpress\/segunda\/wp-content\/uploads\/2024\/03\/VentasGra-768x512.jpg 768w, https:\/\/www.tucomarca.com\/wordpress\/segunda\/wp-content\/uploads\/2024\/03\/VentasGra.jpg 1181w\" sizes=\"auto, (max-width: 1024px) 100vw, 1024px\" \/><\/figure>\n\n\n\n<figure class=\"wp-block-image size-large\"><img loading=\"lazy\" decoding=\"async\" width=\"1024\" height=\"682\" src=\"https:\/\/www.tucomarca.com\/wordpress\/segunda\/wp-content\/uploads\/2024\/03\/NuevoBunolInf-1024x682.jpg\" alt=\"\" class=\"wp-image-214972\" srcset=\"https:\/\/www.tucomarca.com\/wordpress\/segunda\/wp-content\/uploads\/2024\/03\/NuevoBunolInf-1024x682.jpg 1024w, https:\/\/www.tucomarca.com\/wordpress\/segunda\/wp-content\/uploads\/2024\/03\/NuevoBunolInf-300x200.jpg 300w, https:\/\/www.tucomarca.com\/wordpress\/segunda\/wp-content\/uploads\/2024\/03\/NuevoBunolInf-768x512.jpg 768w, https:\/\/www.tucomarca.com\/wordpress\/segunda\/wp-content\/uploads\/2024\/03\/NuevoBunolInf.jpg 1181w\" sizes=\"auto, (max-width: 1024px) 100vw, 1024px\" \/><\/figure>\n\n\n\n<p>Las cinco comisiones falleras de Bu\u00f1ol han vuelto a disfrutar este a\u00f1o de uno de los momentos m\u00e1s esperados de las fiestas josefinas en la localidad: la entrega de premios a los mejores monumentos de cart\u00f3n piedra de la localidad. <\/p>\n\n\n\n<p>Unos trofeos que han sido entregados por la alcaldesa de Bu\u00f1ol, Virginia Sanz; junto al edil de Fiestas, Sergio Galarza; y al presidente de la Junta Local Fallera, Indalecio Zan\u00f3n; en una Plaza de Armas del castillo de la localidad abarrotada de falleras y falleros de las comisiones bu\u00f1olenses.<\/p>\n\n\n\n<p>En este a\u00f1o 2024 la comisi\u00f3n de la Falla Ventas ha sido la que se ha alzado con el m\u00e1ximo galard\u00f3n, gracias a su monumento titulado \u00abAbracadabra\u00bb, obra del artista fallero bu\u00f1olense Toni L\u00f3pez. Mientras que el primer premio en la modalidad de fallas infantiles ha sido para la comisi\u00f3n de Nuevo Bu\u00f1ol, un trabajo del artista fallero Carlos Berlanga bajo el lema \u00abAquarium\u00bb.<\/p>\n\n\n\n<p>Completando los galardones en los monumentos grandes, el segundo premio ha sido para la comisi\u00f3n de El Prado y el tercero para la de Nuevo Bu\u00f1ol; el cuarto para Reyes Cat\u00f3licos y el quinto, finalmente, para Bu\u00f1ol Pueblo. Mientras que en fallas infantiles el segundo premio ha sido para la comisi\u00f3n de Las Ventas; el tercer premio ha reca\u00eddo en Reyes Cat\u00f3licos y la cuarta clasificada ha sido la Falla El Prado.<\/p>\n\n\n\n<p>El premio al mejor ninot de fallas grandes ha sido para Las Ventas al igual que el mejor ninot infantil que tambi\u00e9n ha sido para esta comisi\u00f3n; mientras que el premio al ninot grande con mayor ingenio y gracia ha reca\u00eddo en la comisi\u00f3n de Nuevo Bu\u00f1ol y el ninot en su modalidad infantil ha sido para la comisi\u00f3n de El Prado. Y, por \u00faltimo, el premio a los mejores bu\u00f1uelos ha sido para la comisi\u00f3n de Bu\u00f1ol Pueblo.<\/p>\n\n\n\n<p><strong>Premio a la falla con la mejor cr\u00edtica local y la de mayor ingenio y gracia<\/strong><\/p>\n\n\n\n<p>Como ya es tradici\u00f3n desde el a\u00f1o 2003, el peri\u00f3dico&nbsp;<strong>tucomarca.com<\/strong>&nbsp;tambi\u00e9n ha hecho entrega este a\u00f1o de los premios a la mejor cr\u00edtica local as\u00ed como a la falla infantil con mayor ingenio y gracia. <\/p>\n\n\n\n<p>El galard\u00f3n a la mejor cr\u00edtica local ha sido para la Falla de la Calle Reyes Cat\u00f3licos y Adyacentes, levantada por los propios miembros de la comisi\u00f3n con el lema \u00abMucho cuento\u00bb; y el premio a la falla infantil con mayor ingenio y gracia ha reca\u00eddo en la comisi\u00f3n de Las Ventas, por su monumento titulado \u00abCherois\u00bb, del artista Estudio Chuky.<\/p>\n","protected":false},"excerpt":{"rendered":"<div class=\"mh-excerpt\">Las cinco comisiones falleras de Bu\u00f1ol han vuelto a disfrutar este a\u00f1o de uno de los momentos m\u00e1s esperados de las fiestas josefinas en la localidad: la entrega de premios a los mejores monumentos de <a class=\"mh-excerpt-more\" href=\"https:\/\/www.tucomarca.com\/wordpress\/segunda\/la-comision-de-las-ventas-y-la-de-nuevo-bunol-obtienen-los-primeros-premios-en-las-fallas-2024-de-la-localidad\/\" title=\"La comisi\u00f3n de Las Ventas y la de Nuevo Bu\u00f1ol obtienen los primeros premios en las Fallas 2024 de la localidad\">[+] <\/a><\/div>\n","protected":false},"author":1,"featured_media":214976,"comment_status":"open","ping_status":"open","sticky":false,"template":"","format":"gallery","meta":{"footnotes":""},"categories":[18,8,72,10,5,7,383,3,45],"tags":[10385,80,5952],"class_list":{"0":"post-214957","1":"post","2":"type-post","3":"status-publish","4":"format-gallery","5":"has-post-thumbnail","7":"category-bunol","8":"category-la-comarca","9":"category-sin-categorizar","10":"category-la-hoya","11":"category-la-semana-en-imagenes","12":"category-ocio-y-cultura","13":"category-pueblos-en-fiestas","14":"category-seccion","15":"category-ventana","16":"tag-bunol","17":"tag-fallas","18":"tag-la-hoya-de-bunol-chiva","19":"post_format-post-format-gallery"},"_links":{"self":[{"href":"https:\/\/www.tucomarca.com\/wordpress\/segunda\/wp-json\/wp\/v2\/posts\/214957","targetHints":{"allow":["GET"]}}],"collection":[{"href":"https:\/\/www.tucomarca.com\/wordpress\/segunda\/wp-json\/wp\/v2\/posts"}],"about":[{"href":"https:\/\/www.tucomarca.com\/wordpress\/segunda\/wp-json\/wp\/v2\/types\/post"}],"author":[{"embeddable":true,"href":"https:\/\/www.tucomarca.com\/wordpress\/segunda\/wp-json\/wp\/v2\/users\/1"}],"replies":[{"embeddable":true,"href":"https:\/\/www.tucomarca.com\/wordpress\/segunda\/wp-json\/wp\/v2\/comments?post=214957"}],"version-history":[{"count":0,"href":"https:\/\/www.tucomarca.com\/wordpress\/segunda\/wp-json\/wp\/v2\/posts\/214957\/revisions"}],"wp:featuredmedia":[{"embeddable":true,"href":"https:\/\/www.tucomarca.com\/wordpress\/segunda\/wp-json\/wp\/v2\/media\/214976"}],"wp:attachment":[{"href":"https:\/\/www.tucomarca.com\/wordpress\/segunda\/wp-json\/wp\/v2\/media?parent=214957"}],"wp:term":[{"taxonomy":"category","embeddable":true,"href":"https:\/\/www.tucomarca.com\/wordpress\/segunda\/wp-json\/wp\/v2\/categories?post=214957"},{"taxonomy":"post_tag","embeddable":true,"href":"https:\/\/www.tucomarca.com\/wordpress\/segunda\/wp-json\/wp\/v2\/tags?post=214957"}],"curies":[{"name":"wp","href":"https:\/\/api.w.org\/{rel}","templated":true}]}}