{"id":215785,"date":"2024-03-22T11:45:00","date_gmt":"2024-03-22T10:45:00","guid":{"rendered":"http:\/\/www.tucomarca.com\/wordpress\/segunda\/?p=215785"},"modified":"2024-03-22T14:36:12","modified_gmt":"2024-03-22T13:36:12","slug":"el-cvi-explica-a-los-municipios-de-la-serrania-los-nuevos-retos-y-las-obligaciones-en-materia-de-gestion-de-residuos","status":"publish","type":"post","link":"https:\/\/www.tucomarca.com\/wordpress\/segunda\/el-cvi-explica-a-los-municipios-de-la-serrania-los-nuevos-retos-y-las-obligaciones-en-materia-de-gestion-de-residuos\/","title":{"rendered":"El CVI explica a los municipios de la Serran\u00eda los nuevos retos y las obligaciones en materia de gesti\u00f3n de residuos&nbsp;"},"content":{"rendered":"\n<h3 class=\"wp-block-heading\">El presidente y los t\u00e9cnicos del Consorcio Valencia Interior han abordado las cuestiones relativas a la nueva legislaci\u00f3n que afecta a las entidades locales.<\/h3>\n\n\n\n<p>El Consorcio Valencia Interior (CVI) ha visitado la comarca de la Serran\u00eda dentro de la ronda de reuniones que se est\u00e1 celebrando para acercarse a las comarcas consorciadas. El encuentro ha tenido lugar en la sede de la mancomunidad ubicada en Villar del Arzobispo, donde el presidente del CVI, Francisco G\u00f3mez, el gerente, \u00c1ngel Rodr\u00edguez as\u00ed como el personal t\u00e9cnico del ente han explicado a las entidades locales los retos y responsabilidades que se les plantean en materia de gesti\u00f3n de residuos.<\/p>\n\n\n\n<p>La reuni\u00f3n ha servido tambi\u00e9n para poner encima de la mesa las obligaciones para las entidades locales. En concreto han explicado que deben aprobar un programa propio de gesti\u00f3n de residuos, aunque en esta comarca ya lo tienen en su mayor\u00eda, una ordenanza que garantice el cumplimiento de las nuevas obligaciones, la adaptaci\u00f3n de los contratos p\u00fablicos de recogida y tratamiento de residuos de competencia local, el establecimiento de una nueva tasa municipal espec\u00edfica, diferenciada y no deficitaria, as\u00ed como las nuevas obligaciones relativas a la informaci\u00f3n relacionada con los modelos de recogida y las cantidades recogidas y tasadas, entre otros aspectos.<\/p>\n\n\n\n<p>Al encuentro ha asistido el personal t\u00e9cnico de la Mancomunidad de la Serran\u00eda, as\u00ed como representantes p\u00fablicos y t\u00e9cnicos de Chulilla, Villar del Arzobispo, Sot de Chera, Calles, Alpuente, Pedralba, Losa del Obispo, Andilla, Alcublas, Tu\u00e9jar, Chelva, Higueruelas y Gestalgar.&nbsp;<\/p>\n\n\n\n<p>En la reuni\u00f3n tambi\u00e9n han participado dos t\u00e9cnicos de la Diputaci\u00f3n de Valencia, quienes han explicado las l\u00edneas principales de ayudas en las que est\u00e1n trabajando y las subvenciones que ya han pagado para cuestiones relacionadas con la gesti\u00f3n de los residuos.<\/p>\n\n\n\n<p>El presidente del consorcio ha se\u00f1alado que esta ronda de reuniones en las comarcas \u00abpretende acercar el CVI a todos los rincones del interior de la provincia de Valencia, que los representantes de los pueblos m\u00e1s peque\u00f1os o los m\u00e1s grandes sientan que son importantes para este organismo y que la informaci\u00f3n relacionada con la gesti\u00f3n de los residuos les llegue de una manera clara y directa\u00bb. Durante el encuentro, las personas asistentes han trasladado a los representantes del consorcio cuestiones relacionadas con la casu\u00edstica que se vive en cada municipio en cuanto a la gesti\u00f3n de los servicios ambientales y han planteado sus dudas en lo relativo a la nueva legislaci\u00f3n.<\/p>\n\n\n\n<p><strong>Qu\u00e9 es el Consorcio Valencia Interior<\/strong><\/p>\n\n\n\n<p>El Consorcio Valencia Interior es el ente supramunicipal que lleva a cabo el tratamiento de los residuos de 61 municipios de las cinco comarcas del interior de la provincia de Valencia: Camp de T\u00faria, la Serran\u00eda, la Hoya de Bu\u00f1ol-Chiva, la Plana Utiel-Requena y el Rinc\u00f3n de Ademuz. Para ello cuenta con dos plantas de tratamiento de residuos, ubicadas en Ll\u00edria y Caudete de las Fuentes, as\u00ed como una planta de transferencia en Chiva. Es en Caudete de las Fuentes donde se encuentra tambi\u00e9n ubicado el vertedero, lugar donde se eliminan de manera segura las fracciones que no han podido ser recuperadas en las plantas de tratamiento.<\/p>\n","protected":false},"excerpt":{"rendered":"<div class=\"mh-excerpt\">El presidente y los t\u00e9cnicos del Consorcio Valencia Interior han abordado las cuestiones relativas a la nueva legislaci\u00f3n que afecta a las entidades locales. El Consorcio Valencia Interior (CVI) ha visitado la comarca de la <a class=\"mh-excerpt-more\" href=\"https:\/\/www.tucomarca.com\/wordpress\/segunda\/el-cvi-explica-a-los-municipios-de-la-serrania-los-nuevos-retos-y-las-obligaciones-en-materia-de-gestion-de-residuos\/\" title=\"El CVI explica a los municipios de la Serran\u00eda los nuevos retos y las obligaciones en materia de gesti\u00f3n de residuos&nbsp;\">[+] <\/a><\/div>\n","protected":false},"author":12,"featured_media":215787,"comment_status":"open","ping_status":"open","sticky":false,"template":"","format":"standard","meta":{"footnotes":""},"categories":[137,198,191,190,188,192,193,194,128,8,59,195,117,196,142,3,197,134,45,171],"tags":[10220,10400],"class_list":{"0":"post-215785","1":"post","2":"type-post","3":"status-publish","4":"format-standard","5":"has-post-thumbnail","7":"category-alcublas","8":"category-alpuente","9":"category-andilla","10":"category-calles","11":"category-chelva","12":"category-chulilla","13":"category-gestalgar","14":"category-higueruelas","15":"category-infraestructuras","16":"category-la-comarca","17":"category-los-serranos","18":"category-losa-del-obispo","19":"category-medio-ambiente-la-comarca","20":"category-pedralba","21":"category-politica-la-comarca","22":"category-seccion","23":"category-sot-de-chera","24":"category-tuejar","25":"category-ventana","26":"category-villar-del-arzobispo","27":"tag-cvi","28":"tag-los-serranos"},"_links":{"self":[{"href":"https:\/\/www.tucomarca.com\/wordpress\/segunda\/wp-json\/wp\/v2\/posts\/215785","targetHints":{"allow":["GET"]}}],"collection":[{"href":"https:\/\/www.tucomarca.com\/wordpress\/segunda\/wp-json\/wp\/v2\/posts"}],"about":[{"href":"https:\/\/www.tucomarca.com\/wordpress\/segunda\/wp-json\/wp\/v2\/types\/post"}],"author":[{"embeddable":true,"href":"https:\/\/www.tucomarca.com\/wordpress\/segunda\/wp-json\/wp\/v2\/users\/12"}],"replies":[{"embeddable":true,"href":"https:\/\/www.tucomarca.com\/wordpress\/segunda\/wp-json\/wp\/v2\/comments?post=215785"}],"version-history":[{"count":0,"href":"https:\/\/www.tucomarca.com\/wordpress\/segunda\/wp-json\/wp\/v2\/posts\/215785\/revisions"}],"wp:featuredmedia":[{"embeddable":true,"href":"https:\/\/www.tucomarca.com\/wordpress\/segunda\/wp-json\/wp\/v2\/media\/215787"}],"wp:attachment":[{"href":"https:\/\/www.tucomarca.com\/wordpress\/segunda\/wp-json\/wp\/v2\/media?parent=215785"}],"wp:term":[{"taxonomy":"category","embeddable":true,"href":"https:\/\/www.tucomarca.com\/wordpress\/segunda\/wp-json\/wp\/v2\/categories?post=215785"},{"taxonomy":"post_tag","embeddable":true,"href":"https:\/\/www.tucomarca.com\/wordpress\/segunda\/wp-json\/wp\/v2\/tags?post=215785"}],"curies":[{"name":"wp","href":"https:\/\/api.w.org\/{rel}","templated":true}]}}