{"id":216077,"date":"2024-03-25T09:00:00","date_gmt":"2024-03-25T08:00:00","guid":{"rendered":"http:\/\/www.tucomarca.com\/wordpress\/segunda\/?p=216077"},"modified":"2024-03-25T20:46:23","modified_gmt":"2024-03-25T19:46:23","slug":"el-ayuntamiento-de-requena-califica-de-exito-el-programa-de-recetas-por-requena","status":"publish","type":"post","link":"https:\/\/www.tucomarca.com\/wordpress\/segunda\/el-ayuntamiento-de-requena-califica-de-exito-el-programa-de-recetas-por-requena\/","title":{"rendered":"El Ayuntamiento de Requena califica de \u201c\u00e9xito\u201d el programa \u201cDe recetas por Requena\u201d"},"content":{"rendered":"\n<p>La Concejal\u00eda de Turismo del Ayuntamiento de Requena concluye una semana m\u00e1s su exitoso programa gastron\u00f3mico \u201cDe recetas por Requena\u201d, destacando los sabores locales y promoviendo los vinos y cavas de la zona.<\/p>\n\n\n\n<p>En el \u00faltimo episodio, los espectadores fueron transportados al mundo de la seda con una visita a la emblem\u00e1tica Casa de la Seda, seguida de un recorrido por la hist\u00f3rica Torre del Homenaje. El broche de oro lo puso el restaurante El Yantar, deleitando a todos con unas aut\u00e9nticas migas t\u00edpicas de la regi\u00f3n.<\/p>\n\n\n\n<p>El cierre de esta temporada fue celebrado con un fest\u00edn donde se reunieron los protagonistas del programa, brindando con cava de Requena en honor a la exquisita gastronom\u00eda local.<\/p>\n\n\n\n<p>\u201cCon sentimientos encontrados de tristeza por el fin de esta temporada y satisfacci\u00f3n por el \u00e9xito alcanzado, la Concejal\u00eda de Turismo agradece a todos los involucrados por hacer posible este proyecto tan enriquecedor\u201d han manifestado desde el consistorio requenense. Informa,<strong> Luis Ib\u00e1\u00f1ez.<\/strong><\/p>\n","protected":false},"excerpt":{"rendered":"<div class=\"mh-excerpt\">La Concejal\u00eda de Turismo del Ayuntamiento de Requena concluye una semana m\u00e1s su exitoso programa gastron\u00f3mico \u201cDe recetas por Requena\u201d, destacando los sabores locales y promoviendo los vinos y cavas de la zona. En el <a class=\"mh-excerpt-more\" href=\"https:\/\/www.tucomarca.com\/wordpress\/segunda\/el-ayuntamiento-de-requena-califica-de-exito-el-programa-de-recetas-por-requena\/\" title=\"El Ayuntamiento de Requena califica de \u201c\u00e9xito\u201d el programa \u201cDe recetas por Requena\u201d\">[+] <\/a><\/div>\n","protected":false},"author":12,"featured_media":216084,"comment_status":"open","ping_status":"open","sticky":false,"template":"","format":"standard","meta":{"footnotes":""},"categories":[8,7,28,27,3],"tags":[10388,10387],"class_list":{"0":"post-216077","1":"post","2":"type-post","3":"status-publish","4":"format-standard","5":"has-post-thumbnail","7":"category-la-comarca","8":"category-ocio-y-cultura","9":"category-requena","10":"category-requena-utiel","11":"category-seccion","12":"tag-requena","13":"tag-requena-utiel"},"_links":{"self":[{"href":"https:\/\/www.tucomarca.com\/wordpress\/segunda\/wp-json\/wp\/v2\/posts\/216077","targetHints":{"allow":["GET"]}}],"collection":[{"href":"https:\/\/www.tucomarca.com\/wordpress\/segunda\/wp-json\/wp\/v2\/posts"}],"about":[{"href":"https:\/\/www.tucomarca.com\/wordpress\/segunda\/wp-json\/wp\/v2\/types\/post"}],"author":[{"embeddable":true,"href":"https:\/\/www.tucomarca.com\/wordpress\/segunda\/wp-json\/wp\/v2\/users\/12"}],"replies":[{"embeddable":true,"href":"https:\/\/www.tucomarca.com\/wordpress\/segunda\/wp-json\/wp\/v2\/comments?post=216077"}],"version-history":[{"count":0,"href":"https:\/\/www.tucomarca.com\/wordpress\/segunda\/wp-json\/wp\/v2\/posts\/216077\/revisions"}],"wp:featuredmedia":[{"embeddable":true,"href":"https:\/\/www.tucomarca.com\/wordpress\/segunda\/wp-json\/wp\/v2\/media\/216084"}],"wp:attachment":[{"href":"https:\/\/www.tucomarca.com\/wordpress\/segunda\/wp-json\/wp\/v2\/media?parent=216077"}],"wp:term":[{"taxonomy":"category","embeddable":true,"href":"https:\/\/www.tucomarca.com\/wordpress\/segunda\/wp-json\/wp\/v2\/categories?post=216077"},{"taxonomy":"post_tag","embeddable":true,"href":"https:\/\/www.tucomarca.com\/wordpress\/segunda\/wp-json\/wp\/v2\/tags?post=216077"}],"curies":[{"name":"wp","href":"https:\/\/api.w.org\/{rel}","templated":true}]}}