{"id":216337,"date":"2024-03-27T13:00:00","date_gmt":"2024-03-27T12:00:00","guid":{"rendered":"http:\/\/www.tucomarca.com\/wordpress\/segunda\/?p=216337"},"modified":"2024-03-27T19:58:36","modified_gmt":"2024-03-27T18:58:36","slug":"la-diputacio-de-valencia-convoca-los-premios-para-incentivar-la-investigacion-y-la-creatividad-del-alumnado-en-temas-de-memoria-democratica","status":"publish","type":"post","link":"https:\/\/www.tucomarca.com\/wordpress\/segunda\/la-diputacio-de-valencia-convoca-los-premios-para-incentivar-la-investigacion-y-la-creatividad-del-alumnado-en-temas-de-memoria-democratica\/","title":{"rendered":"La Diputaci\u00f3 de Val\u00e8ncia convoca los premios para incentivar la investigaci\u00f3n y la creatividad del alumnado en temas de memoria democr\u00e1tica"},"content":{"rendered":"\n<h3 class=\"wp-block-heading\">Para el presente curso se ha elegido el tema \u2018Movimientos de poblaci\u00f3n forzados por conflictos durante los siglos XIX y XX\u2019 y el plazo para entregar los trabajos finaliza el 31 de julio de 2024.<\/h3>\n\n\n\n<h3 class=\"wp-block-heading\">Como novedad de la presente edici\u00f3n, las cantidades asignadas a cada premio, en total 12.000 euros, se distribuyen en un 75% para el alumnado autor\/autora o autores del trabajo y un 25% al tutor\/tutora o tutores.<\/h3>\n\n\n\n<p>La convocatoria de los premios \u2018La Memoria en la escuela\u2019 que promueve el \u00e1rea de Memoria Democr\u00e1tica de la Diputaci\u00f3 de Val\u00e8ncia, dirigida por la vicepresidenta primera, Nat\u00e0lia Enguix, se abre este mi\u00e9rcoles 27 de marzo de 2024. Se trata de galardones que pretenden reconocer e incentivar el esfuerzo inici\u00e1tico en la investigaci\u00f3n y difusi\u00f3n hist\u00f3rica realizado por el alumnado, as\u00ed como la tarea de tutorizaci\u00f3n de su profesorado mediante proyectos de ense\u00f1anza-aprendizaje que les permita reflexionar sobre las ventajas que supone la democracia y el Estado de Derecho en la vida de los ciudadanos.<\/p>\n\n\n\n<p>La Diputaci\u00f3n reparte premios por valor de 12.000 euros, distribuidos en un primero de 4.000, dos segundos de 2.000 y cuatro terceros de 1.000. Adem\u00e1s, en una novedad de la presente edici\u00f3n, las cantidades asignadas a cada premio se distribuyen en un 75% para el alumnado autor\/autora o autores del trabajo y un 25% al tutor\/tutora o tutores.<\/p>\n\n\n\n<p>Para el presente curso se ha elegido el tema \u2018Movimientos de poblaci\u00f3n forzados por conflictos durante los siglos XIX y XX\u2019 y el plazo para entregar el trabajo finaliza el 31 de julio de 2024.<\/p>\n\n\n\n<p>Seg\u00fan la vicepresidenta primera, Nat\u00e0lia Enguix, \u201cla voluntad del \u00e1rea de Memoria Democr\u00e1tica es llegar a las generaciones m\u00e1s j\u00f3venes y hacerles entender que la democracia que hoy disfrutamos es el mejor de los sistemas de convivencia pero que, ni mucho menos, es un sistema que no necesita del apoyo popular. Hay que apostar d\u00eda a d\u00eda por ella y por eso es interesante conocer c\u00f3mo de complicado ha sido conseguirla. Estos premios valoran el trabajo investigador pero tambi\u00e9n el contacto con personas mayores que pueden contar, de primera mano, los conflictos del pasado y, en este caso, el exilio forzado al que se vieron obligados. Invito todos los centros educativos valencianos a participar\u201d.<\/p>\n\n\n\n<figure class=\"wp-block-image size-large\"><img loading=\"lazy\" decoding=\"async\" width=\"724\" height=\"1024\" src=\"https:\/\/www.tucomarca.com\/wordpress\/segunda\/wp-content\/uploads\/2024\/03\/DipuiMemoriaColes-724x1024.jpg\" alt=\"\" class=\"wp-image-216341\" srcset=\"https:\/\/www.tucomarca.com\/wordpress\/segunda\/wp-content\/uploads\/2024\/03\/DipuiMemoriaColes-724x1024.jpg 724w, https:\/\/www.tucomarca.com\/wordpress\/segunda\/wp-content\/uploads\/2024\/03\/DipuiMemoriaColes-212x300.jpg 212w, https:\/\/www.tucomarca.com\/wordpress\/segunda\/wp-content\/uploads\/2024\/03\/DipuiMemoriaColes-768x1086.jpg 768w, https:\/\/www.tucomarca.com\/wordpress\/segunda\/wp-content\/uploads\/2024\/03\/DipuiMemoriaColes.jpg 886w\" sizes=\"auto, (max-width: 724px) 100vw, 724px\" \/><\/figure>\n\n\n\n<p>Pueden participar en esta convocatoria todos los alumnos de 4.\u00ba de ESO, 1.\u00ba y 2.\u00ba de Bachillerato de todos los centros educativos valencianos y su intervenci\u00f3n puede ser tanto individual como en equipos de hasta cuatro personas. En todo caso tendr\u00e1n que estar tutorizados por uno\/una docente o grupo de docentes del centro.<\/p>\n\n\n\n<p>Solo se aceptan trabajos originales y pueden consistir en estudios plasmados en documentos escritos sobre cualquier apoyo o proyectos audiovisuales y obras de creaci\u00f3n, incluyendo en estas obras teatrales, art\u00edsticas, canciones, etc. Es tambi\u00e9n, esta posibilidad de entregar los trabajos en diferentes formatos, una novedad de la presente edici\u00f3n. Los trabajos escritos deben tener una extensi\u00f3n m\u00e1xima de 40 p\u00e1ginas, los audiovisuales no deben superar los 30 minutos de duraci\u00f3n y los que se basan en una creaci\u00f3n art\u00edstica deben ir acompa\u00f1ados de una memoria con una extensi\u00f3n m\u00e1xima de 15 p\u00e1ginas. Todos los proyectos deben estar acompa\u00f1ados de una memoria del tutor o tutora.<\/p>\n","protected":false},"excerpt":{"rendered":"<div class=\"mh-excerpt\">Para el presente curso se ha elegido el tema \u2018Movimientos de poblaci\u00f3n forzados por conflictos durante los siglos XIX y XX\u2019 y el plazo para entregar los trabajos finaliza el 31 de julio de 2024. <a class=\"mh-excerpt-more\" href=\"https:\/\/www.tucomarca.com\/wordpress\/segunda\/la-diputacio-de-valencia-convoca-los-premios-para-incentivar-la-investigacion-y-la-creatividad-del-alumnado-en-temas-de-memoria-democratica\/\" title=\"La Diputaci\u00f3 de Val\u00e8ncia convoca los premios para incentivar la investigaci\u00f3n y la creatividad del alumnado en temas de memoria democr\u00e1tica\">[+] <\/a><\/div>\n","protected":false},"author":12,"featured_media":216344,"comment_status":"open","ping_status":"open","sticky":false,"template":"","format":"standard","meta":{"footnotes":""},"categories":[128,8,72,142,3,45],"tags":[3677,16618],"class_list":{"0":"post-216337","1":"post","2":"type-post","3":"status-publish","4":"format-standard","5":"has-post-thumbnail","7":"category-infraestructuras","8":"category-la-comarca","9":"category-sin-categorizar","10":"category-politica-la-comarca","11":"category-seccion","12":"category-ventana","13":"tag-diputacio-de-valencia","14":"tag-memoria-democratica"},"_links":{"self":[{"href":"https:\/\/www.tucomarca.com\/wordpress\/segunda\/wp-json\/wp\/v2\/posts\/216337","targetHints":{"allow":["GET"]}}],"collection":[{"href":"https:\/\/www.tucomarca.com\/wordpress\/segunda\/wp-json\/wp\/v2\/posts"}],"about":[{"href":"https:\/\/www.tucomarca.com\/wordpress\/segunda\/wp-json\/wp\/v2\/types\/post"}],"author":[{"embeddable":true,"href":"https:\/\/www.tucomarca.com\/wordpress\/segunda\/wp-json\/wp\/v2\/users\/12"}],"replies":[{"embeddable":true,"href":"https:\/\/www.tucomarca.com\/wordpress\/segunda\/wp-json\/wp\/v2\/comments?post=216337"}],"version-history":[{"count":0,"href":"https:\/\/www.tucomarca.com\/wordpress\/segunda\/wp-json\/wp\/v2\/posts\/216337\/revisions"}],"wp:featuredmedia":[{"embeddable":true,"href":"https:\/\/www.tucomarca.com\/wordpress\/segunda\/wp-json\/wp\/v2\/media\/216344"}],"wp:attachment":[{"href":"https:\/\/www.tucomarca.com\/wordpress\/segunda\/wp-json\/wp\/v2\/media?parent=216337"}],"wp:term":[{"taxonomy":"category","embeddable":true,"href":"https:\/\/www.tucomarca.com\/wordpress\/segunda\/wp-json\/wp\/v2\/categories?post=216337"},{"taxonomy":"post_tag","embeddable":true,"href":"https:\/\/www.tucomarca.com\/wordpress\/segunda\/wp-json\/wp\/v2\/tags?post=216337"}],"curies":[{"name":"wp","href":"https:\/\/api.w.org\/{rel}","templated":true}]}}