{"id":216351,"date":"2024-03-27T20:00:00","date_gmt":"2024-03-27T19:00:00","guid":{"rendered":"https:\/\/www.tucomarca.com\/wordpress\/segunda\/?p=216351"},"modified":"2024-03-27T21:04:42","modified_gmt":"2024-03-27T20:04:42","slug":"los-bomberos-actuan-en-mas-de-una-decena-de-avisos-por-las-fuertes-rachas-de-viento-registradas-durante-las-ultimas-horas-en-el-interior","status":"publish","type":"post","link":"https:\/\/www.tucomarca.com\/wordpress\/segunda\/los-bomberos-actuan-en-mas-de-una-decena-de-avisos-por-las-fuertes-rachas-de-viento-registradas-durante-las-ultimas-horas-en-el-interior\/","title":{"rendered":"Los bomberos act\u00faan en m\u00e1s de una decena de avisos por las fuertes rachas de viento registradas durante las \u00faltimas horas en el interior"},"content":{"rendered":"\n<p>Las fuertes rachas de viento registradas durante las \u00faltimas horas en toda la Comunidad Valenciana (que han llegado incluso hasta los 82 kil\u00f3metros por hora en localidades como Bu\u00f1ol y los 84 kil\u00f3metros por hora en Utiel), han provocado desde las 13,30 horas y hasta el momento de la elaboraci\u00f3n de esta informaci\u00f3n de una decena de avisos a tel\u00e9fono de Emergencias 112. <\/p>\n\n\n\n<p>Los servicios del Consorcio de Bomberos de Valencia se han visto obligados a actuar en tareas de saneamiento, de retirada o de valoraci\u00f3n de varios elementos en riesgo de ca\u00edda registrados en poblaciones del interior de la provincia.<\/p>\n\n\n\n<p>Este ha sido el caso de la retirada de planchas met\u00e1licas en Aldaia o Alzira; el saneamiento de un balc\u00f3n en Alborache; de un toldo en Alzira; de \u00e1rboles en la CV-470 en Utiel, as\u00ed como otro en Paterna, en Gandia, en Villanueva de Castell\u00f3n; y la retirada de un cartel publicitario en la N-III en Requena y otro en X\u00e0tiva.<\/p>\n","protected":false},"excerpt":{"rendered":"<div class=\"mh-excerpt\">Las fuertes rachas de viento registradas durante las \u00faltimas horas en toda la Comunidad Valenciana (que han llegado incluso hasta los 82 kil\u00f3metros por hora en localidades como Bu\u00f1ol y los 84 kil\u00f3metros por hora <a class=\"mh-excerpt-more\" href=\"https:\/\/www.tucomarca.com\/wordpress\/segunda\/los-bomberos-actuan-en-mas-de-una-decena-de-avisos-por-las-fuertes-rachas-de-viento-registradas-durante-las-ultimas-horas-en-el-interior\/\" title=\"Los bomberos act\u00faan en m\u00e1s de una decena de avisos por las fuertes rachas de viento registradas durante las \u00faltimas horas en el interior\">[+] <\/a><\/div>\n","protected":false},"author":1,"featured_media":124544,"comment_status":"open","ping_status":"open","sticky":false,"template":"","format":"standard","meta":{"footnotes":""},"categories":[19,69,128,8,10,42,117,28,27,3,116,45],"tags":[12830,20424],"class_list":{"0":"post-216351","1":"post","2":"type-post","3":"status-publish","4":"format-standard","5":"has-post-thumbnail","7":"category-alborache","8":"category-alzira","9":"category-infraestructuras","10":"category-la-comarca","11":"category-la-hoya","12":"category-la-ribera","13":"category-medio-ambiente-la-comarca","14":"category-requena","15":"category-requena-utiel","16":"category-seccion","17":"category-sucesos-la-comarca","18":"category-ventana","19":"tag-consorcio-provincial-de-bomberos-de-valencia","20":"tag-rachas-de-viento"},"_links":{"self":[{"href":"https:\/\/www.tucomarca.com\/wordpress\/segunda\/wp-json\/wp\/v2\/posts\/216351","targetHints":{"allow":["GET"]}}],"collection":[{"href":"https:\/\/www.tucomarca.com\/wordpress\/segunda\/wp-json\/wp\/v2\/posts"}],"about":[{"href":"https:\/\/www.tucomarca.com\/wordpress\/segunda\/wp-json\/wp\/v2\/types\/post"}],"author":[{"embeddable":true,"href":"https:\/\/www.tucomarca.com\/wordpress\/segunda\/wp-json\/wp\/v2\/users\/1"}],"replies":[{"embeddable":true,"href":"https:\/\/www.tucomarca.com\/wordpress\/segunda\/wp-json\/wp\/v2\/comments?post=216351"}],"version-history":[{"count":0,"href":"https:\/\/www.tucomarca.com\/wordpress\/segunda\/wp-json\/wp\/v2\/posts\/216351\/revisions"}],"wp:featuredmedia":[{"embeddable":true,"href":"https:\/\/www.tucomarca.com\/wordpress\/segunda\/wp-json\/wp\/v2\/media\/124544"}],"wp:attachment":[{"href":"https:\/\/www.tucomarca.com\/wordpress\/segunda\/wp-json\/wp\/v2\/media?parent=216351"}],"wp:term":[{"taxonomy":"category","embeddable":true,"href":"https:\/\/www.tucomarca.com\/wordpress\/segunda\/wp-json\/wp\/v2\/categories?post=216351"},{"taxonomy":"post_tag","embeddable":true,"href":"https:\/\/www.tucomarca.com\/wordpress\/segunda\/wp-json\/wp\/v2\/tags?post=216351"}],"curies":[{"name":"wp","href":"https:\/\/api.w.org\/{rel}","templated":true}]}}