{"id":216434,"date":"2024-03-28T08:00:00","date_gmt":"2024-03-28T07:00:00","guid":{"rendered":"http:\/\/www.tucomarca.com\/wordpress\/segunda\/?p=216434"},"modified":"2024-03-28T18:15:33","modified_gmt":"2024-03-28T17:15:33","slug":"el-centro-de-especialidades-de-bunol-7-anos-acercando-la-atencion-sanitaria-a-la-hoya","status":"publish","type":"post","link":"https:\/\/www.tucomarca.com\/wordpress\/segunda\/el-centro-de-especialidades-de-bunol-7-anos-acercando-la-atencion-sanitaria-a-la-hoya\/","title":{"rendered":"El Centro de Especialidades de Bu\u00f1ol, 7 a\u00f1os acercando la atenci\u00f3n sanitaria a La Hoya"},"content":{"rendered":"\n<h3 class=\"wp-block-heading\">Desde 2017, el Centro de Especialidades de Bu\u00f1ol ha realizado el 50% de las atenciones de Aparato Locomotor que requieren los vecinos de la Hoya, el 44% de Dermatolog\u00eda y el 40% de Ginecolog\u00eda.<\/h3>\n\n\n\n<h3 class=\"wp-block-heading\">El Departamento de Salud de Manises invirti\u00f3 318.000 euros en ampliar el edificio para albergar 4 nuevas especialidades y responder as\u00ed a una demanda hist\u00f3rica de la ciudadan\u00eda.<\/h3>\n\n\n\n<h3 class=\"wp-block-heading\">Casi la mitad del presupuesto se invirti\u00f3 en tecnolog\u00eda m\u00e9dica para poder realizar las atenciones especializadas en Bu\u00f1ol, sin necesidad de realizar desplazamientos al Hospital.<\/h3>\n\n\n\n<h3 class=\"wp-block-heading\">Otra medida que tambi\u00e9n ha favorecido la integraci\u00f3n de La Hoya es el autob\u00fas, que puso en marcha y gestion\u00f3 el Departamento de Salud de Manises hasta 2021, con una media de 11.500 usuarios al a\u00f1o.<\/h3>\n\n\n\n<p>El Centro de Especialidades de Bu\u00f1ol ha realizado desde el a\u00f1o 2017 el 50% de las atenciones especializadas de Aparato Locomotor de la comarca, el 44% de las consultas de Dermatolog\u00eda y el 40% de las atenciones de Ginecolog\u00eda. \u201cLa ampliaci\u00f3n del centro de Bu\u00f1ol en 2017 nos permiti\u00f3 acercar la asistencia sanitaria especializada a una comarca de dif\u00edcil acceso, mejorando y haciendo m\u00e1s c\u00f3modo y accesible el servicio que prestamos a los vecinos\u201d, ha valorado el doctor <strong>Ricardo Trujillo<\/strong>, gerente del Departamento de Salud de Manises.<\/p>\n\n\n\n<p>El Departamento de Salud de Manises invirti\u00f3 318.000 euros en la ampliaci\u00f3n del centro de Bu\u00f1ol, para a\u00f1adir cuatro nuevas especialidades a las que ya exist\u00edan anteriormente y responder de este modo a una demanda hist\u00f3rica de los vecinos de la Hoya de Bu\u00f1ol: Dermatolog\u00eda, Ginecolog\u00eda, Oftalmolog\u00eda y Otorrinolaringolog\u00eda.<\/p>\n\n\n\n<p>\u201cLa ampliaci\u00f3n del centro de Bu\u00f1ol responde al objetivo de ofrecer un Departamento de Salud m\u00e1s integrado y accesible\u201d, ha valorado el doctor Trujillo. De este modo, la inversi\u00f3n sirvi\u00f3 para habilitar el segundo piso del centro y adquirir el material m\u00e9dico necesario para empezar a prestar estos servicios desde el municipio. \u201cEl personal se desplaza semanalmente al Centro de Especialidades y puede ofrecer all\u00ed mismo una parte muy amplia de la atenci\u00f3n porque cuenta con las herramientas necesarias para ello\u201d, ha explicado.&nbsp;<\/p>\n\n\n\n<p>De este modo, una buena parte de la atenci\u00f3n especializada de la comarca se presta en el Centro de Especialidades de Bu\u00f1ol, reservando el desplazamiento al Hospital para los casos en los que realmente es necesario. \u201cLos nuevos servicios no solo prestan una atenci\u00f3n m\u00e1s cercana, c\u00f3moda y accesible a los vecinos de la zona, sino que tambi\u00e9n han contribuido a agilizar la atenci\u00f3n en el Hospital de Manises, al aliviar el n\u00famero de visitas\u201d, ha continuado el gerente del departamento.&nbsp;<\/p>\n\n\n\n<p>En este sentido, el doctor Trujillo ha detallado que el 40% de la inversi\u00f3n sirvi\u00f3 para adquirir todo el material necesario para realizar las atenciones en Bu\u00f1ol, como por ejemplo, un ec\u00f3grafo de \u00faltima generaci\u00f3n, que permite realizar ecograf\u00edas en el municipio sin necesidad de ir al Hospital, un ton\u00f3metro que permite calcular la presi\u00f3n intraocular para el servicio de Oftalmolog\u00eda, y una cabina de audiometr\u00eda, entras otros.<\/p>\n\n\n\n<p>Hasta 2017, Bu\u00f1ol contaba con las dotaciones propias de un centro de salud, con servicios como Medicina Familiar, Pediatr\u00eda, Enfermer\u00eda y Matrona, adem\u00e1s de otras unidades de apoyo como Salud Sexual y Reproductiva, Odontopediatr\u00eda y Salud Mental, entre otras. \u201cDespu\u00e9s de la ampliaci\u00f3n, Bu\u00f1ol se convirti\u00f3 en un Centro de Salud Integrado, al integrar los servicios propios de un centro de salud de Atenci\u00f3n Primaria con algunas especialidades hospitalarias, en este caso, Dermatolog\u00eda, Obstetricia-Ginecolog\u00eda, Oftalmolog\u00eda y Otorrinolaringolog\u00eda\u201d, ha detallado el doctor Trujillo.<\/p>\n\n\n\n<p>\u201cLa necesidad de acercar la atenci\u00f3n sanitaria especializada a Bu\u00f1ol se refleja en las cifras\u201d, ha indicado el gerente del Departamento de Salud de Manises. As\u00ed, adem\u00e1s de haber realizado m\u00e1s del 40% de las atenciones de Ginecolog\u00eda, Dermatolog\u00eda y Aparato Locomotor, desde 2017, Oftalmolog\u00eda ha realizado 7.766 atenciones en Bu\u00f1ol, mientras que Otorrino ha ofrecido 3.795 y otras especialidades como Rehabilitaci\u00f3n, 6.861.&nbsp;<\/p>\n\n\n\n<p><strong>Autob\u00fas al Hospital de Manises<\/strong><\/p>\n\n\n\n<p>El Departamento de Salud de Manises puso en marcha en el a\u00f1o 2014 el servicio de autob\u00fas para conectar la Hoya de Bu\u00f1ol con el Hospital de Manises y otros centros de salud de la zona. \u201cEl autob\u00fas fue fruto de un acuerdo entre el Departamento y la compa\u00f1\u00eda Autobuses Bu\u00f1ol, y ha sido un paso m\u00e1s en la integraci\u00f3n de la comarca dentro del circuito sanitario\u201d, ha indicado Ricardo Trujillo.<\/p>\n\n\n\n<p>En este sentido, el gerente ha explicado que el autob\u00fas estuvo gestionado por el Departamento de Salud hasta enero del a\u00f1o 2021, cuando asumi\u00f3 la gesti\u00f3n la Conselleria de Transporte. \u201cEl hecho de que la Generalitat asumiera el autob\u00fas de la Hoya de Bu\u00f1ol con el Hospital de Manises demuestra que era un servicio muy necesario y \u00fatil para la ciudadan\u00eda\u201d, ha valorado del gerente del Departamento.&nbsp;<\/p>\n\n\n\n<p>As\u00ed, Trujillo ha explicado que la inversi\u00f3n media del Departamento de Salud en el autob\u00fas fue de 110.000 euros al a\u00f1o entre 2014 y 2020, y que la media de viajeros estuvo en 11.500. \u201cEn 2020 tambi\u00e9n hicimos un refuerzo del servicio para que el autob\u00fas sirviera como medio de transporte entre los municipios por los que hac\u00eda ruta y con el Hospital y los centros de especialidades\u201d, ha continuado. As\u00ed, ha explicado que, incluso con la limitaci\u00f3n de viajeros por la pandemia, m\u00e1s de 4.600 personas utilizaron este servicio.<\/p>\n\n\n\n<p>El autob\u00fas cuenta con dos rutas. Una que sale los lunes, mi\u00e9rcoles y viernes a las 08:00 y 10:00 de la ma\u00f1ana desde Bu\u00f1ol y que pasa por Chiva, Cheste, Hospital de Manises y el Centro de Especialidades de Aldaia; y otra que sale los martes y los jueves desde Bu\u00f1ol a las 10:00 para luego pasar por los municipios de Y\u00e1tova, Macastre, Alborache, Tur\u00eds, Godelleta, Manises y Aldaia.<\/p>\n\n\n\n<p>\u201cGracias a la puesta en marcha de este servicio por parte del Departamento, los vecinos de la Hoya de Bu\u00f1ol pueden contar con un traslado directo hasta el Hospital de Manises y otros centros de especialidades, sin tener que hacer trasbordos ni tener que recurrir a paradas alejadas de la poblaci\u00f3n\u201d, ha indicado en este sentido el doctor Trujillo. \u201cTodo esto les ha permitido una mayor comodidad y menor tiempo invertido en desplazamientos\u201d, ha finalizado.&nbsp;<\/p>\n","protected":false},"excerpt":{"rendered":"<div class=\"mh-excerpt\">Desde 2017, el Centro de Especialidades de Bu\u00f1ol ha realizado el 50% de las atenciones de Aparato Locomotor que requieren los vecinos de la Hoya, el 44% de Dermatolog\u00eda y el 40% de Ginecolog\u00eda. El <a class=\"mh-excerpt-more\" href=\"https:\/\/www.tucomarca.com\/wordpress\/segunda\/el-centro-de-especialidades-de-bunol-7-anos-acercando-la-atencion-sanitaria-a-la-hoya\/\" title=\"El Centro de Especialidades de Bu\u00f1ol, 7 a\u00f1os acercando la atenci\u00f3n sanitaria a La Hoya\">[+] <\/a><\/div>\n","protected":false},"author":12,"featured_media":216436,"comment_status":"open","ping_status":"open","sticky":false,"template":"","format":"standard","meta":{"footnotes":""},"categories":[19,18,119,17,16,14,8,10,13,3,45,11],"tags":[136,5952],"class_list":{"0":"post-216434","1":"post","2":"type-post","3":"status-publish","4":"format-standard","5":"has-post-thumbnail","7":"category-alborache","8":"category-bunol","9":"category-sanidad-la-comarca","10":"category-cheste","11":"category-chiva","12":"category-godelleta","13":"category-la-comarca","14":"category-la-hoya","15":"category-macastre","16":"category-seccion","17":"category-ventana","18":"category-yatova","19":"tag-hospital-de-manises","20":"tag-la-hoya-de-bunol-chiva"},"_links":{"self":[{"href":"https:\/\/www.tucomarca.com\/wordpress\/segunda\/wp-json\/wp\/v2\/posts\/216434","targetHints":{"allow":["GET"]}}],"collection":[{"href":"https:\/\/www.tucomarca.com\/wordpress\/segunda\/wp-json\/wp\/v2\/posts"}],"about":[{"href":"https:\/\/www.tucomarca.com\/wordpress\/segunda\/wp-json\/wp\/v2\/types\/post"}],"author":[{"embeddable":true,"href":"https:\/\/www.tucomarca.com\/wordpress\/segunda\/wp-json\/wp\/v2\/users\/12"}],"replies":[{"embeddable":true,"href":"https:\/\/www.tucomarca.com\/wordpress\/segunda\/wp-json\/wp\/v2\/comments?post=216434"}],"version-history":[{"count":0,"href":"https:\/\/www.tucomarca.com\/wordpress\/segunda\/wp-json\/wp\/v2\/posts\/216434\/revisions"}],"wp:featuredmedia":[{"embeddable":true,"href":"https:\/\/www.tucomarca.com\/wordpress\/segunda\/wp-json\/wp\/v2\/media\/216436"}],"wp:attachment":[{"href":"https:\/\/www.tucomarca.com\/wordpress\/segunda\/wp-json\/wp\/v2\/media?parent=216434"}],"wp:term":[{"taxonomy":"category","embeddable":true,"href":"https:\/\/www.tucomarca.com\/wordpress\/segunda\/wp-json\/wp\/v2\/categories?post=216434"},{"taxonomy":"post_tag","embeddable":true,"href":"https:\/\/www.tucomarca.com\/wordpress\/segunda\/wp-json\/wp\/v2\/tags?post=216434"}],"curies":[{"name":"wp","href":"https:\/\/api.w.org\/{rel}","templated":true}]}}