{"id":216944,"date":"2024-04-03T10:00:00","date_gmt":"2024-04-03T08:00:00","guid":{"rendered":"https:\/\/www.tucomarca.com\/wordpress\/segunda\/?p=216944"},"modified":"2024-04-03T23:50:20","modified_gmt":"2024-04-03T21:50:20","slug":"opinion-a-bocajarro-aterrador-por-joseh-larrazabal","status":"publish","type":"post","link":"https:\/\/www.tucomarca.com\/wordpress\/segunda\/opinion-a-bocajarro-aterrador-por-joseh-larrazabal\/","title":{"rendered":"Opini\u00f3n: A bocajarro: \u00abAterrador\u00bb por J\u00f3seh Larraz\u00e1bal"},"content":{"rendered":"\n<figure class=\"wp-block-image size-full is-resized\"><img loading=\"lazy\" decoding=\"async\" src=\"https:\/\/www.tucomarca.com\/wordpress\/segunda\/wp-content\/uploads\/2024\/01\/Larrazabalnueva.jpg\" alt=\"\" class=\"wp-image-208146\" width=\"187\" height=\"188\"\/><\/figure>\n\n\n\n<p>\u00bfAlguien se convencer\u00e1 alguna vez de que Lim no se ir\u00e1 del VCF mientras ingrese dinero en caja?<br>Dejar a Valencia, ciudad, sin opciones de ser sede de un mundial es ir demasiado lejos, mucho m\u00e1s de lo que ha ido el m\u00e1ximo accionista hasta ahora.<br>\u00abMestalla se pregunta quienes somos\u00bb<br>Yo lo que me pregunto es quienes son los 40.000 que van al estadio cada partido.<br>Por qu\u00e9 lo hacen?<br>Para qu\u00e9 lo hacen?<br>De verdad quieren que se vaya Lim?<br>Miren si uno quiere echar a un inquilino de su casa le tiene que hacerle la vida imposible y esencialmente subirle el alquiler, que no le sea rentable ni grato vivir all\u00ed.<br>Si la afici\u00f3n y medios de comunicaci\u00f3n tuvieran agallas el pr\u00f3ximo partido har\u00eda lo mismo que hizo Lim en Singapur: no hacer acto de presencia, plantarle cara de verdad.<br>El VCF va el 8\u2070 en la clasificaci\u00f3n, y que con frecuencia, flirtea con los puestos de descenso. Est\u00e1 afici\u00f3n parece olvidarse de todo lo que eso significa: equipo peque\u00f1o y sin ambici\u00f3n.<br>Lim le ha perdido el respeto y el miedo a la afici\u00f3n del VCF.<br>Sabe que tras una manifestaci\u00f3n de protesta se llena el campo y se recibe con v\u00edtores y entusiasmo al autob\u00fas de los jugadores.<br>La gente acude al estadio con pases o con entradas y eso es lo \u00fanico que le importa al chino: la pasta.<br>Atentos a los traspasos de la pr\u00f3xima temporada.<br>Lim vender\u00e1 todo lo que pueda para hacer caja, es lo \u00fanico que le importa.<br>Estuve en la \u00faltima manifestaci\u00f3n contra Meriton y el 80% eran adolescentes o semiadolescentes.<br>La mayor\u00eda no llegaban a los 30 a\u00f1os.<br>Ni los empresarios, ni la gente con poder dan la cara.<br>Estamos perdidos y no encontramos el fin del camino.<br>No se ve la luz ni lleva cuenta de verse.<br>Y el propietario desde Singapur cada vez nos ignora m\u00e1s, nos desprecia m\u00e1s, nos humilla m\u00e1s\u2026<br>Se lo debe pasar en grande relami\u00e9ndose de sus canalladas y su poder mal\u00e9fico.<br>\u00bfLo de Singapur quiere decir que Kiat Lim, su hijo, va a tomar las riendas del club?<br>Si es as\u00ed, o hacemos algo o tenemos a Meriton para a\u00f1os.<br>\u00bfSe imaginan el futuro del Valencia CF?<br>Yo s\u00ed, y lo resumo en una sola palabra:<br>ATERRADOR.<\/p>\n","protected":false},"excerpt":{"rendered":"<div class=\"mh-excerpt\">\u00bfAlguien se convencer\u00e1 alguna vez de que Lim no se ir\u00e1 del VCF mientras ingrese dinero en caja?Dejar a Valencia, ciudad, sin opciones de ser sede de un mundial es ir demasiado lejos, mucho m\u00e1s <a class=\"mh-excerpt-more\" href=\"https:\/\/www.tucomarca.com\/wordpress\/segunda\/opinion-a-bocajarro-aterrador-por-joseh-larrazabal\/\" title=\"Opini\u00f3n: A bocajarro: \u00abAterrador\u00bb por J\u00f3seh Larraz\u00e1bal\">[+] <\/a><\/div>\n","protected":false},"author":1,"featured_media":208146,"comment_status":"open","ping_status":"open","sticky":false,"template":"","format":"standard","meta":{"footnotes":""},"categories":[3358,6,30,90,3],"tags":[15480,1810],"class_list":{"0":"post-216944","1":"post","2":"type-post","3":"status-publish","4":"format-standard","5":"has-post-thumbnail","7":"category-canal-valencia-cf","8":"category-deportes","9":"category-opinion","10":"category-opinion-opinion","11":"category-seccion","12":"tag-joseh-larrazabal","13":"tag-valencia-cf"},"_links":{"self":[{"href":"https:\/\/www.tucomarca.com\/wordpress\/segunda\/wp-json\/wp\/v2\/posts\/216944","targetHints":{"allow":["GET"]}}],"collection":[{"href":"https:\/\/www.tucomarca.com\/wordpress\/segunda\/wp-json\/wp\/v2\/posts"}],"about":[{"href":"https:\/\/www.tucomarca.com\/wordpress\/segunda\/wp-json\/wp\/v2\/types\/post"}],"author":[{"embeddable":true,"href":"https:\/\/www.tucomarca.com\/wordpress\/segunda\/wp-json\/wp\/v2\/users\/1"}],"replies":[{"embeddable":true,"href":"https:\/\/www.tucomarca.com\/wordpress\/segunda\/wp-json\/wp\/v2\/comments?post=216944"}],"version-history":[{"count":0,"href":"https:\/\/www.tucomarca.com\/wordpress\/segunda\/wp-json\/wp\/v2\/posts\/216944\/revisions"}],"wp:featuredmedia":[{"embeddable":true,"href":"https:\/\/www.tucomarca.com\/wordpress\/segunda\/wp-json\/wp\/v2\/media\/208146"}],"wp:attachment":[{"href":"https:\/\/www.tucomarca.com\/wordpress\/segunda\/wp-json\/wp\/v2\/media?parent=216944"}],"wp:term":[{"taxonomy":"category","embeddable":true,"href":"https:\/\/www.tucomarca.com\/wordpress\/segunda\/wp-json\/wp\/v2\/categories?post=216944"},{"taxonomy":"post_tag","embeddable":true,"href":"https:\/\/www.tucomarca.com\/wordpress\/segunda\/wp-json\/wp\/v2\/tags?post=216944"}],"curies":[{"name":"wp","href":"https:\/\/api.w.org\/{rel}","templated":true}]}}