{"id":217051,"date":"2024-04-05T09:03:00","date_gmt":"2024-04-05T07:03:00","guid":{"rendered":"https:\/\/www.tucomarca.com\/wordpress\/segunda\/?p=217051"},"modified":"2024-04-26T16:05:12","modified_gmt":"2024-04-26T14:05:12","slug":"lliria-mejorara-la-conexion-con-la-a-3-y-la-cv-35-con-ayuda-de-la-diputacio-de-valencia","status":"publish","type":"post","link":"https:\/\/www.tucomarca.com\/wordpress\/segunda\/lliria-mejorara-la-conexion-con-la-a-3-y-la-cv-35-con-ayuda-de-la-diputacio-de-valencia\/","title":{"rendered":"Ll\u00edria mejorar\u00e1 la conexi\u00f3n con la A-3 y la CV-35 con ayuda de la Diputaci\u00f3 de Val\u00e8ncia\u00a0"},"content":{"rendered":"\n<p><strong>El \u00e1rea de Carreteras que dirige Reme Mazzolari anuncia la pr\u00f3xima firma de un convenio de colaboraci\u00f3n con el ayuntamiento, que ha asumido la redacci\u00f3n del proyecto constructivo<\/strong>.<\/p>\n\n\n\n<p><strong>La instituci\u00f3n provincial sufragar\u00e1 el cien por cien de la actuaci\u00f3n, cuyo presupuesto asciende a 650.000 euros<\/strong>.<\/p>\n\n\n\n<p>La Diputaci\u00f3 de Val\u00e8ncia y el ayuntamiento de Ll\u00edr\u00eda suscribir\u00e1n un convenio para mejorar la CV-3706, conocida como carretera de la Vilamarxant, en el tramo que va desde la calle Juan Izquierdo hasta la rotonda conexi\u00f3n de Benaguasil a CV-35.<\/p>\n\n\n\n<p>La diputada de Carreteras, Reme Mazzolari, indica que \u201ces una v\u00eda que tiene un tr\u00e1fico considerable porque es la salida natural hacia la A-3 por la CV-50, por un lado; y a la CV-35 en el otro sentido. De ah\u00ed que hayamos considerado esta actuaci\u00f3n como prioritaria\u201d.<\/p>\n\n\n\n<p>En este sentido, Mazzolari, explica que \u201cel ayuntamiento ya contaba con un proyecto constructivo, pero el coste de la actuaci\u00f3n era inasumible por las arcas municipales. Por ello se ha optado por la f\u00f3rmula del convenio, que nos ahorra el tiempo y el dinero que implicar\u00eda la redacci\u00f3n de un proyecto propio de la Diputaci\u00f3n\u201d.<\/p>\n\n\n\n<p>\u201cEsta f\u00f3rmula -contin\u00faa la tambi\u00e9n vicepresidenta segunda de la Diputaci\u00f3- ya se ha utilizado en Gandia, y se replicar\u00e1 con otros ayuntamientos como Pu\u00e7ol, Calles o Llaur\u00ed, apostando as\u00ed por la colaboraci\u00f3n entre administraciones\u201d.<\/p>\n\n\n\n<p>Por su parte, el concejal de Movilidad Sostenible y Caminos de Ll\u00edria, Paco Garc\u00eda, se\u00f1ala que \u201cla carretera de Vilamarxant es una carretera que cedi\u00f3 la Generalitat al ayuntamiento hace a\u00f1os, pero sus dimensiones y caracter\u00edsticas hac\u00edan inviable econ\u00f3micamente que pudi\u00e9ramos asumir la renovaci\u00f3n de la v\u00eda\u201d, y ha querido \u201cagradecer la colaboraci\u00f3n de la Diputaci\u00f3, asumiendo el coste de la actuaci\u00f3n que recoge el proyecto constructivo con el que cont\u00e1bamos en el ayuntamiento\u201d.<\/p>\n\n\n\n<p>Con un presupuesto de licitaci\u00f3n de 658.000 euros, la intervenci\u00f3n sobre la CV-3706 consistir\u00e1 principalmente en actuaciones de reparaci\u00f3n, pavimentaci\u00f3n y se\u00f1alizaci\u00f3n, para mejorar la seguridad de la carretera.<\/p>\n","protected":false},"excerpt":{"rendered":"<div class=\"mh-excerpt\">El \u00e1rea de Carreteras que dirige Reme Mazzolari anuncia la pr\u00f3xima firma de un convenio de colaboraci\u00f3n con el ayuntamiento, que ha asumido la redacci\u00f3n del proyecto constructivo. La instituci\u00f3n provincial sufragar\u00e1 el cien por <a class=\"mh-excerpt-more\" href=\"https:\/\/www.tucomarca.com\/wordpress\/segunda\/lliria-mejorara-la-conexion-con-la-a-3-y-la-cv-35-con-ayuda-de-la-diputacio-de-valencia\/\" title=\"Ll\u00edria mejorar\u00e1 la conexi\u00f3n con la A-3 y la CV-35 con ayuda de la Diputaci\u00f3 de Val\u00e8ncia\u00a0\">[+] <\/a><\/div>\n","protected":false},"author":13,"featured_media":217054,"comment_status":"open","ping_status":"open","sticky":false,"template":"","format":"standard","meta":{"footnotes":""},"categories":[46,128,8,72,47,142,3,45],"tags":[10395,204,10412,10396],"class_list":{"0":"post-217051","1":"post","2":"type-post","3":"status-publish","4":"format-standard","5":"has-post-thumbnail","7":"category-camp-de-turia","8":"category-infraestructuras","9":"category-la-comarca","10":"category-sin-categorizar","11":"category-lliria","12":"category-politica-la-comarca","13":"category-seccion","14":"category-ventana","15":"tag-camp-de-turia","16":"tag-diputacion","17":"tag-infraestructuras","18":"tag-lliria"},"_links":{"self":[{"href":"https:\/\/www.tucomarca.com\/wordpress\/segunda\/wp-json\/wp\/v2\/posts\/217051","targetHints":{"allow":["GET"]}}],"collection":[{"href":"https:\/\/www.tucomarca.com\/wordpress\/segunda\/wp-json\/wp\/v2\/posts"}],"about":[{"href":"https:\/\/www.tucomarca.com\/wordpress\/segunda\/wp-json\/wp\/v2\/types\/post"}],"author":[{"embeddable":true,"href":"https:\/\/www.tucomarca.com\/wordpress\/segunda\/wp-json\/wp\/v2\/users\/13"}],"replies":[{"embeddable":true,"href":"https:\/\/www.tucomarca.com\/wordpress\/segunda\/wp-json\/wp\/v2\/comments?post=217051"}],"version-history":[{"count":0,"href":"https:\/\/www.tucomarca.com\/wordpress\/segunda\/wp-json\/wp\/v2\/posts\/217051\/revisions"}],"wp:featuredmedia":[{"embeddable":true,"href":"https:\/\/www.tucomarca.com\/wordpress\/segunda\/wp-json\/wp\/v2\/media\/217054"}],"wp:attachment":[{"href":"https:\/\/www.tucomarca.com\/wordpress\/segunda\/wp-json\/wp\/v2\/media?parent=217051"}],"wp:term":[{"taxonomy":"category","embeddable":true,"href":"https:\/\/www.tucomarca.com\/wordpress\/segunda\/wp-json\/wp\/v2\/categories?post=217051"},{"taxonomy":"post_tag","embeddable":true,"href":"https:\/\/www.tucomarca.com\/wordpress\/segunda\/wp-json\/wp\/v2\/tags?post=217051"}],"curies":[{"name":"wp","href":"https:\/\/api.w.org\/{rel}","templated":true}]}}