{"id":217097,"date":"2024-04-05T09:05:00","date_gmt":"2024-04-05T07:05:00","guid":{"rendered":"http:\/\/www.tucomarca.com\/wordpress\/segunda\/?p=217097"},"modified":"2024-04-05T17:46:21","modified_gmt":"2024-04-05T15:46:21","slug":"la-pobla-de-vallbona-da-un-paso-mas-para-la-construccion-de-su-segundo-instituto","status":"publish","type":"post","link":"https:\/\/www.tucomarca.com\/wordpress\/segunda\/la-pobla-de-vallbona-da-un-paso-mas-para-la-construccion-de-su-segundo-instituto\/","title":{"rendered":"La Pobla de Vallbona da un paso m\u00e1s para la construcci\u00f3n de su segundo instituto"},"content":{"rendered":"\n<h3 class=\"wp-block-heading\">El gobierno municipal ha mantenido una reuni\u00f3n con el Director General de Infraestructuras Educativas para asegurar el futuro del centro educativo.<\/h3>\n\n\n\n<h3 class=\"wp-block-heading\">El IES La Vereda y el CEIP Llu\u00eds Vives tambi\u00e9n recibir\u00e1n importantes mejoras provenientes del Plan Edificant.<\/h3>\n\n\n\n<p>El equipo de gobierno de la Pobla de Vallbona ha mantenido una reuni\u00f3n con el Director General de Infraestructuras Educativas, Rafael Valc\u00e1rcel, con el fin de asegurar que se siguen dando los pasos necesarios para que el segundo instituto del municipio sea pronto una realidad.<\/p>\n\n\n\n<p>El resultado de esta reuni\u00f3n ha sido productivo, asegurando la construcci\u00f3n del centro educativo. De este modo, desde el consistorio se sigue trabajando para que en menos de un a\u00f1o se tenga listo el terreno donde estar\u00e1 ubicado el instituto, as\u00ed como el inicio de la urbanizaci\u00f3n del entorno.<\/p>\n\n\n\n<p>\u201cEn los \u00faltimos meses se han realizado avances significativos, gracias a las modificaciones y la ocupaci\u00f3n directa de los terrenos, de modo que hemos reactivado por completo la construcci\u00f3n de nuestro segundo instituto\u201d, ha se\u00f1alado Abel Mart\u00ed, alcalde de la Pobla de Vallbona. Un centro educativo cuya construcci\u00f3n \u201ces urgente para nuestro pueblo, ya que la oferta de plazas se limita a un \u00fanico centro, el IES La Vereda, que se ha quedado peque\u00f1o para las necesidades de nuestra poblaci\u00f3n\u201d.<\/p>\n\n\n\n<p>Es por esta urgencia, que desde el gobierno municipal se ha tomado la reactivaci\u00f3n y los pasos adelante para la construcci\u00f3n de este nuevo instituto como algo prioritario, manteniendo diferentes reuniones con la Generalitat Valenciana para que este centro sea una realidad lo antes posible. Gracias a esta \u00faltima reuni\u00f3n \u201cpodemos garantizar el futuro del segundo instituto de la Pobla de Vallbona, con el convenio de la Conseller\u00eda de Educaci\u00f3n, para lo que seguiremos trabajando desde el Ayuntamiento para que todo lo que dependa de la gesti\u00f3n municipal est\u00e9 listo lo antes posible\u201d, ha aseverado Mart\u00ed.<\/p>\n\n\n\n<p><strong>M\u00e1s mejoras educativas<\/strong><\/p>\n\n\n\n<p>El segundo instituto no ser\u00e1 la \u00fanica mejora relevante para la Pobla de Vallbona en materia educativa. Otras dos importantes inversiones llegar\u00e1n desde el Plan Edificant de la Conseller\u00eda de Educaci\u00f3n.&nbsp;<\/p>\n\n\n\n<p>El IES La Vereda, \u00fanico instituto en la actualidad en el municipio poblano, tendr\u00e1 una inversi\u00f3n de 1.874.437,42 euros con los que se crear\u00e1n nuevas aulas de Formaci\u00f3n Profesional, adem\u00e1s de cambiar el sistema de climatizaci\u00f3n del centro. Esto ha sido posible gracias a la gesti\u00f3n realizada por el gobierno municipal actual, ya que estas necesidades quedaron sin cubrir debido a la imposibilidad de adjudicar en las condiciones econ\u00f3micas de la primera licitaci\u00f3n, motivo por el cual se iniciaron las negociaciones para un aumento del presupuesto que se adecuara m\u00e1s a la realidad de las necesidades que deb\u00edan cubrirse, logrando un aumento de m\u00e1s 317.000 euros sobre el presupuesto inicial.<\/p>\n\n\n\n<p>Junto a ello, desde esta misma semana ya se han iniciado los primeros trabajos para mejorar el CEIP Llu\u00eds Vives. Gracias a la gesti\u00f3n de la inversi\u00f3n de m\u00e1s de un mill\u00f3n de euros, el centro educativo m\u00e1s antiguo de la Pobla de Vallbona contar\u00e1 con un nuevo gimnasio, adem\u00e1s de un nuevo edificio para el comedor, dejando atr\u00e1s los actuales barracones en los que com\u00eda el alumnado.<\/p>\n\n\n\n<p>La empresa encargada de la construcci\u00f3n ha aprovechado los d\u00edas de las vacaciones de Pascua para comenzar a instalar el vallado de seguridad, ya que la construcci\u00f3n de ambas infraestructuras comenzar\u00e1 de manera inminente.<\/p>\n\n\n\n<p>Con estas son un total de tres las infraestructuras educativas que toman forma en la Pobla de Vallbona desde el Plan Edificant gracias a las gestiones realizadas en los \u00faltimos meses, las cuales han reactivado diferentes proyectos de vital importancia para que el alumnado del municipio pueda contar con las mejoras necesarias y disponer de la mejor calidad educativa sin salir de la Pobla.<\/p>\n","protected":false},"excerpt":{"rendered":"<div class=\"mh-excerpt\">El gobierno municipal ha mantenido una reuni\u00f3n con el Director General de Infraestructuras Educativas para asegurar el futuro del centro educativo. El IES La Vereda y el CEIP Llu\u00eds Vives tambi\u00e9n recibir\u00e1n importantes mejoras provenientes <a class=\"mh-excerpt-more\" href=\"https:\/\/www.tucomarca.com\/wordpress\/segunda\/la-pobla-de-vallbona-da-un-paso-mas-para-la-construccion-de-su-segundo-instituto\/\" title=\"La Pobla de Vallbona da un paso m\u00e1s para la construcci\u00f3n de su segundo instituto\">[+] <\/a><\/div>\n","protected":false},"author":12,"featured_media":217099,"comment_status":"open","ping_status":"open","sticky":false,"template":"","format":"standard","meta":{"footnotes":""},"categories":[46,128,8,174,142,3],"tags":[10395,1335],"class_list":{"0":"post-217097","1":"post","2":"type-post","3":"status-publish","4":"format-standard","5":"has-post-thumbnail","7":"category-camp-de-turia","8":"category-infraestructuras","9":"category-la-comarca","10":"category-la-pobla","11":"category-politica-la-comarca","12":"category-seccion","13":"tag-camp-de-turia","14":"tag-la-pobla-de-vallbona"},"_links":{"self":[{"href":"https:\/\/www.tucomarca.com\/wordpress\/segunda\/wp-json\/wp\/v2\/posts\/217097","targetHints":{"allow":["GET"]}}],"collection":[{"href":"https:\/\/www.tucomarca.com\/wordpress\/segunda\/wp-json\/wp\/v2\/posts"}],"about":[{"href":"https:\/\/www.tucomarca.com\/wordpress\/segunda\/wp-json\/wp\/v2\/types\/post"}],"author":[{"embeddable":true,"href":"https:\/\/www.tucomarca.com\/wordpress\/segunda\/wp-json\/wp\/v2\/users\/12"}],"replies":[{"embeddable":true,"href":"https:\/\/www.tucomarca.com\/wordpress\/segunda\/wp-json\/wp\/v2\/comments?post=217097"}],"version-history":[{"count":0,"href":"https:\/\/www.tucomarca.com\/wordpress\/segunda\/wp-json\/wp\/v2\/posts\/217097\/revisions"}],"wp:featuredmedia":[{"embeddable":true,"href":"https:\/\/www.tucomarca.com\/wordpress\/segunda\/wp-json\/wp\/v2\/media\/217099"}],"wp:attachment":[{"href":"https:\/\/www.tucomarca.com\/wordpress\/segunda\/wp-json\/wp\/v2\/media?parent=217097"}],"wp:term":[{"taxonomy":"category","embeddable":true,"href":"https:\/\/www.tucomarca.com\/wordpress\/segunda\/wp-json\/wp\/v2\/categories?post=217097"},{"taxonomy":"post_tag","embeddable":true,"href":"https:\/\/www.tucomarca.com\/wordpress\/segunda\/wp-json\/wp\/v2\/tags?post=217097"}],"curies":[{"name":"wp","href":"https:\/\/api.w.org\/{rel}","templated":true}]}}