{"id":217227,"date":"2024-04-06T10:30:00","date_gmt":"2024-04-06T08:30:00","guid":{"rendered":"https:\/\/www.tucomarca.com\/wordpress\/segunda\/?p=217227"},"modified":"2024-04-06T20:34:11","modified_gmt":"2024-04-06T18:34:11","slug":"video-albaes-de-las-fallas-de-turis-2024-a-los-presidentes-i-falleras-mayores-de-la-comision-placeta-del-marques","status":"publish","type":"post","link":"https:\/\/www.tucomarca.com\/wordpress\/segunda\/video-albaes-de-las-fallas-de-turis-2024-a-los-presidentes-i-falleras-mayores-de-la-comision-placeta-del-marques\/","title":{"rendered":"V\u00eddeo: Albaes de las Fallas de Tur\u00eds 2024 a los presidentes i falleras mayores de la comisi\u00f3n Placeta del Marqu\u00e9s"},"content":{"rendered":"\n<figure class=\"wp-block-embed is-type-video is-provider-youtube wp-block-embed-youtube wp-embed-aspect-16-9 wp-has-aspect-ratio\"><div class=\"wp-block-embed__wrapper\">\n<iframe loading=\"lazy\" title=\"V\u00eddeo: Albaes Falles Tur\u00eds 2024. Presidents i Falleres Majors Falla Placeta del Marqu\u00e9s.\" width=\"500\" height=\"281\" src=\"https:\/\/www.youtube.com\/embed\/3a3couwWTLw?feature=oembed\" frameborder=\"0\" allow=\"accelerometer; autoplay; clipboard-write; encrypted-media; gyroscope; picture-in-picture; web-share\" referrerpolicy=\"strict-origin-when-cross-origin\" allowfullscreen><\/iframe>\n<\/div><\/figure>\n\n\n\n<p>V\u00eddeograbaci\u00f3 a cargo de <strong>tucomarca televisi\u00f3n<\/strong> de la tradicional noche de albaes de las Fallas de Tur\u00eds 2024 a la Comisi\u00f3n Placeta del Marqu\u00e9s a cargo del grupo de Cant Valenci\u00e0 del Puig de Santa Maria.<\/p>\n","protected":false},"excerpt":{"rendered":"<div class=\"mh-excerpt\">V\u00eddeograbaci\u00f3 a cargo de tucomarca televisi\u00f3n de la tradicional noche de albaes de las Fallas de Tur\u00eds 2024 a la Comisi\u00f3n Placeta del Marqu\u00e9s a cargo del grupo de Cant Valenci\u00e0 del Puig de Santa <a class=\"mh-excerpt-more\" href=\"https:\/\/www.tucomarca.com\/wordpress\/segunda\/video-albaes-de-las-fallas-de-turis-2024-a-los-presidentes-i-falleras-mayores-de-la-comision-placeta-del-marques\/\" title=\"V\u00eddeo: Albaes de las Fallas de Tur\u00eds 2024 a los presidentes i falleras mayores de la comisi\u00f3n Placeta del Marqu\u00e9s\">[+] <\/a><\/div>\n","protected":false},"author":1,"featured_media":217228,"comment_status":"open","ping_status":"open","sticky":false,"template":"","format":"video","meta":{"footnotes":""},"categories":[66,8,72,42,5,7,383,3,43,45,26],"tags":[10466,19153,3640,10394],"class_list":{"0":"post-217227","1":"post","2":"type-post","3":"status-publish","4":"format-video","5":"has-post-thumbnail","7":"category-musica","8":"category-la-comarca","9":"category-sin-categorizar","10":"category-la-ribera","11":"category-la-semana-en-imagenes","12":"category-ocio-y-cultura","13":"category-pueblos-en-fiestas","14":"category-seccion","15":"category-turis","16":"category-ventana","17":"category-video","18":"tag-albaes","19":"tag-fallas-2024","20":"tag-la-ribera-alta","21":"tag-turis","22":"post_format-post-format-video"},"_links":{"self":[{"href":"https:\/\/www.tucomarca.com\/wordpress\/segunda\/wp-json\/wp\/v2\/posts\/217227","targetHints":{"allow":["GET"]}}],"collection":[{"href":"https:\/\/www.tucomarca.com\/wordpress\/segunda\/wp-json\/wp\/v2\/posts"}],"about":[{"href":"https:\/\/www.tucomarca.com\/wordpress\/segunda\/wp-json\/wp\/v2\/types\/post"}],"author":[{"embeddable":true,"href":"https:\/\/www.tucomarca.com\/wordpress\/segunda\/wp-json\/wp\/v2\/users\/1"}],"replies":[{"embeddable":true,"href":"https:\/\/www.tucomarca.com\/wordpress\/segunda\/wp-json\/wp\/v2\/comments?post=217227"}],"version-history":[{"count":0,"href":"https:\/\/www.tucomarca.com\/wordpress\/segunda\/wp-json\/wp\/v2\/posts\/217227\/revisions"}],"wp:featuredmedia":[{"embeddable":true,"href":"https:\/\/www.tucomarca.com\/wordpress\/segunda\/wp-json\/wp\/v2\/media\/217228"}],"wp:attachment":[{"href":"https:\/\/www.tucomarca.com\/wordpress\/segunda\/wp-json\/wp\/v2\/media?parent=217227"}],"wp:term":[{"taxonomy":"category","embeddable":true,"href":"https:\/\/www.tucomarca.com\/wordpress\/segunda\/wp-json\/wp\/v2\/categories?post=217227"},{"taxonomy":"post_tag","embeddable":true,"href":"https:\/\/www.tucomarca.com\/wordpress\/segunda\/wp-json\/wp\/v2\/tags?post=217227"}],"curies":[{"name":"wp","href":"https:\/\/api.w.org\/{rel}","templated":true}]}}