{"id":217278,"date":"2024-04-07T18:00:00","date_gmt":"2024-04-07T16:00:00","guid":{"rendered":"https:\/\/www.tucomarca.com\/wordpress\/segunda\/?p=217278"},"modified":"2024-04-07T23:40:22","modified_gmt":"2024-04-07T21:40:22","slug":"video-albaes-de-las-fallas-2024-a-los-presidentes-y-falleras-mayores-de-lantiga-fontanella-y-a-los-miembros-de-la-junta-local-de-turis","status":"publish","type":"post","link":"https:\/\/www.tucomarca.com\/wordpress\/segunda\/video-albaes-de-las-fallas-2024-a-los-presidentes-y-falleras-mayores-de-lantiga-fontanella-y-a-los-miembros-de-la-junta-local-de-turis\/","title":{"rendered":"Video: albaes de las Fallas 2024 a los presidentes y Falleras Mayores de l&#8217;Antiga Fontanella y a los miembros de la Junta Local de Tur\u00eds"},"content":{"rendered":"\n<figure class=\"wp-block-embed is-type-video is-provider-youtube wp-block-embed-youtube wp-embed-aspect-16-9 wp-has-aspect-ratio\"><div class=\"wp-block-embed__wrapper\">\n<iframe loading=\"lazy\" title=\"V\u00eddeo: Albaes Falles 2024. Presidents i Falleres Majors de l&#039;Antiga Fontanella i Junta Local Tur\u00eds\" width=\"500\" height=\"281\" src=\"https:\/\/www.youtube.com\/embed\/a_YlFnMlgYg?feature=oembed\" frameborder=\"0\" allow=\"accelerometer; autoplay; clipboard-write; encrypted-media; gyroscope; picture-in-picture; web-share\" referrerpolicy=\"strict-origin-when-cross-origin\" allowfullscreen><\/iframe>\n<\/div><\/figure>\n\n\n\n<p>V\u00eddeograbaci\u00f3 a cargo de <strong>tucomarca televisi\u00f3n<\/strong> de la tradicional noche de albaes de las Fallas de Tur\u00eds 2024 a la Comisi\u00f3n l&#8217;Antiga Fontanella as\u00ed como a los integrantes de la Junta Local Fallera a cargo del grupo de Canto Valenciano del Puig de Santa Maria.<\/p>\n","protected":false},"excerpt":{"rendered":"<div class=\"mh-excerpt\">V\u00eddeograbaci\u00f3 a cargo de tucomarca televisi\u00f3n de la tradicional noche de albaes de las Fallas de Tur\u00eds 2024 a la Comisi\u00f3n l&#8217;Antiga Fontanella as\u00ed como a los integrantes de la Junta Local Fallera a cargo <a class=\"mh-excerpt-more\" href=\"https:\/\/www.tucomarca.com\/wordpress\/segunda\/video-albaes-de-las-fallas-2024-a-los-presidentes-y-falleras-mayores-de-lantiga-fontanella-y-a-los-miembros-de-la-junta-local-de-turis\/\" title=\"Video: albaes de las Fallas 2024 a los presidentes y Falleras Mayores de l&#8217;Antiga Fontanella y a los miembros de la Junta Local de Tur\u00eds\">[+] <\/a><\/div>\n","protected":false},"author":1,"featured_media":217280,"comment_status":"open","ping_status":"open","sticky":false,"template":"","format":"video","meta":{"footnotes":""},"categories":[66,8,72,42,5,7,383,3,43,45,26],"tags":[10466,80,3640,10394],"class_list":{"0":"post-217278","1":"post","2":"type-post","3":"status-publish","4":"format-video","5":"has-post-thumbnail","7":"category-musica","8":"category-la-comarca","9":"category-sin-categorizar","10":"category-la-ribera","11":"category-la-semana-en-imagenes","12":"category-ocio-y-cultura","13":"category-pueblos-en-fiestas","14":"category-seccion","15":"category-turis","16":"category-ventana","17":"category-video","18":"tag-albaes","19":"tag-fallas","20":"tag-la-ribera-alta","21":"tag-turis","22":"post_format-post-format-video"},"_links":{"self":[{"href":"https:\/\/www.tucomarca.com\/wordpress\/segunda\/wp-json\/wp\/v2\/posts\/217278","targetHints":{"allow":["GET"]}}],"collection":[{"href":"https:\/\/www.tucomarca.com\/wordpress\/segunda\/wp-json\/wp\/v2\/posts"}],"about":[{"href":"https:\/\/www.tucomarca.com\/wordpress\/segunda\/wp-json\/wp\/v2\/types\/post"}],"author":[{"embeddable":true,"href":"https:\/\/www.tucomarca.com\/wordpress\/segunda\/wp-json\/wp\/v2\/users\/1"}],"replies":[{"embeddable":true,"href":"https:\/\/www.tucomarca.com\/wordpress\/segunda\/wp-json\/wp\/v2\/comments?post=217278"}],"version-history":[{"count":0,"href":"https:\/\/www.tucomarca.com\/wordpress\/segunda\/wp-json\/wp\/v2\/posts\/217278\/revisions"}],"wp:featuredmedia":[{"embeddable":true,"href":"https:\/\/www.tucomarca.com\/wordpress\/segunda\/wp-json\/wp\/v2\/media\/217280"}],"wp:attachment":[{"href":"https:\/\/www.tucomarca.com\/wordpress\/segunda\/wp-json\/wp\/v2\/media?parent=217278"}],"wp:term":[{"taxonomy":"category","embeddable":true,"href":"https:\/\/www.tucomarca.com\/wordpress\/segunda\/wp-json\/wp\/v2\/categories?post=217278"},{"taxonomy":"post_tag","embeddable":true,"href":"https:\/\/www.tucomarca.com\/wordpress\/segunda\/wp-json\/wp\/v2\/tags?post=217278"}],"curies":[{"name":"wp","href":"https:\/\/api.w.org\/{rel}","templated":true}]}}