{"id":217528,"date":"2024-04-09T07:58:00","date_gmt":"2024-04-09T05:58:00","guid":{"rendered":"http:\/\/www.tucomarca.com\/wordpress\/segunda\/?p=217528"},"modified":"2024-04-09T19:49:11","modified_gmt":"2024-04-09T17:49:11","slug":"bunol-celebrara-la-marcha-runcancer-el-proximo-20-de-abril","status":"publish","type":"post","link":"https:\/\/www.tucomarca.com\/wordpress\/segunda\/bunol-celebrara-la-marcha-runcancer-el-proximo-20-de-abril\/","title":{"rendered":"Bu\u00f1ol celebrar\u00e1 la marcha RunC\u00e1ncer el pr\u00f3ximo 20 de abril"},"content":{"rendered":"\n<h3 class=\"wp-block-heading\">La prueba contra el c\u00e1ncer se celebrar\u00e1 el 20 de abril con un recorrido de 5 kil\u00f3metros que saldr\u00e1 del Paseo de San Luis alas 17,30 horas.<\/h3>\n\n\n\n<h3 class=\"wp-block-heading\">Los dorsales ya se pueden adquirir a un precio de 3\u20ac en los comercios de la localidad o por medio de la AECC de Bu\u00f1ol.<\/h3>\n\n\n\n<figure class=\"wp-block-image size-large\"><img loading=\"lazy\" decoding=\"async\" width=\"768\" height=\"1024\" src=\"https:\/\/www.tucomarca.com\/wordpress\/segunda\/wp-content\/uploads\/2024\/04\/Bunolruncancer-768x1024.jpg\" alt=\"\" class=\"wp-image-217530\" srcset=\"https:\/\/www.tucomarca.com\/wordpress\/segunda\/wp-content\/uploads\/2024\/04\/Bunolruncancer-768x1024.jpg 768w, https:\/\/www.tucomarca.com\/wordpress\/segunda\/wp-content\/uploads\/2024\/04\/Bunolruncancer-225x300.jpg 225w, https:\/\/www.tucomarca.com\/wordpress\/segunda\/wp-content\/uploads\/2024\/04\/Bunolruncancer.jpg 886w\" sizes=\"auto, (max-width: 768px) 100vw, 768px\" \/><\/figure>\n\n\n\n<p>El pr\u00f3ximo 20 de abril se celebrar\u00e1 la RunC\u00e1ncer, la carrera solidaria contra el c\u00e1ncer organizada por la Asociaci\u00f3n Contra el C\u00e1ncer Bu\u00f1ol, con la colaboraci\u00f3n del ayuntamiento.<\/p>\n\n\n\n<p>Los dorsales para la prueba ya se pueden adquirir a un precio de 3\u20ac y las camisetas a 7\u20ac en los comercios de la localidad.<\/p>\n\n\n\n<p>Desde la Asociaci\u00f3n Contra el C\u00e1ncer de Bu\u00f1ol han recordado que la&nbsp;recaudaci\u00f3n \u00edntegra de este acontecimiento deportivo ser\u00e1 destinada a la investigaci\u00f3n contra el c\u00e1ncer, por lo que animan a vecinas y vecinos a sumarse a la causa y participar en esta marcha circular de cinco kil\u00f3metros que partir\u00e1 del Paseo de San Luis a las 17,30 horas que adem\u00e1s de fomentar el deporte ayuda en la lucha contra esta enfermedad.&nbsp;<\/p>\n\n\n\n<p>Asimismo aquellas personas que no puedan participar tambi\u00e9n pueden comprar el dorsal a modo de colaboraci\u00f3n.<\/p>\n","protected":false},"excerpt":{"rendered":"<div class=\"mh-excerpt\">La prueba contra el c\u00e1ncer se celebrar\u00e1 el 20 de abril con un recorrido de 5 kil\u00f3metros que saldr\u00e1 del Paseo de San Luis alas 17,30 horas. Los dorsales ya se pueden adquirir a un <a class=\"mh-excerpt-more\" href=\"https:\/\/www.tucomarca.com\/wordpress\/segunda\/bunol-celebrara-la-marcha-runcancer-el-proximo-20-de-abril\/\" title=\"Bu\u00f1ol celebrar\u00e1 la marcha RunC\u00e1ncer el pr\u00f3ximo 20 de abril\">[+] <\/a><\/div>\n","protected":false},"author":12,"featured_media":217530,"comment_status":"open","ping_status":"open","sticky":false,"template":"","format":"standard","meta":{"footnotes":""},"categories":[4,98,18,6,8,10,3],"tags":[10471,10385,5952,10524],"class_list":{"0":"post-217528","1":"post","2":"type-post","3":"status-publish","4":"format-standard","5":"has-post-thumbnail","7":"category-agenda","8":"category-atletismo","9":"category-bunol","10":"category-deportes","11":"category-la-comarca","12":"category-la-hoya","13":"category-seccion","14":"tag-aecc-bunol","15":"tag-bunol","16":"tag-la-hoya-de-bunol-chiva","17":"tag-runcancer"},"_links":{"self":[{"href":"https:\/\/www.tucomarca.com\/wordpress\/segunda\/wp-json\/wp\/v2\/posts\/217528","targetHints":{"allow":["GET"]}}],"collection":[{"href":"https:\/\/www.tucomarca.com\/wordpress\/segunda\/wp-json\/wp\/v2\/posts"}],"about":[{"href":"https:\/\/www.tucomarca.com\/wordpress\/segunda\/wp-json\/wp\/v2\/types\/post"}],"author":[{"embeddable":true,"href":"https:\/\/www.tucomarca.com\/wordpress\/segunda\/wp-json\/wp\/v2\/users\/12"}],"replies":[{"embeddable":true,"href":"https:\/\/www.tucomarca.com\/wordpress\/segunda\/wp-json\/wp\/v2\/comments?post=217528"}],"version-history":[{"count":0,"href":"https:\/\/www.tucomarca.com\/wordpress\/segunda\/wp-json\/wp\/v2\/posts\/217528\/revisions"}],"wp:featuredmedia":[{"embeddable":true,"href":"https:\/\/www.tucomarca.com\/wordpress\/segunda\/wp-json\/wp\/v2\/media\/217530"}],"wp:attachment":[{"href":"https:\/\/www.tucomarca.com\/wordpress\/segunda\/wp-json\/wp\/v2\/media?parent=217528"}],"wp:term":[{"taxonomy":"category","embeddable":true,"href":"https:\/\/www.tucomarca.com\/wordpress\/segunda\/wp-json\/wp\/v2\/categories?post=217528"},{"taxonomy":"post_tag","embeddable":true,"href":"https:\/\/www.tucomarca.com\/wordpress\/segunda\/wp-json\/wp\/v2\/tags?post=217528"}],"curies":[{"name":"wp","href":"https:\/\/api.w.org\/{rel}","templated":true}]}}