{"id":217692,"date":"2024-04-09T10:30:00","date_gmt":"2024-04-09T08:30:00","guid":{"rendered":"http:\/\/www.tucomarca.com\/wordpress\/segunda\/?p=217692"},"modified":"2024-04-09T20:40:43","modified_gmt":"2024-04-09T18:40:43","slug":"la-unio-pide-a-la-conselleria-de-agricultura-que-las-ayudas-a-la-cosecha-en-verde-de-la-uva-de-vino-sean-similares-a-las-de-otras-comunidades","status":"publish","type":"post","link":"https:\/\/www.tucomarca.com\/wordpress\/segunda\/la-unio-pide-a-la-conselleria-de-agricultura-que-las-ayudas-a-la-cosecha-en-verde-de-la-uva-de-vino-sean-similares-a-las-de-otras-comunidades\/","title":{"rendered":"La Uni\u00f3 pide a la Conselleria de Agricultura que las ayudas a la cosecha en verde de la uva de vino sean similares a las de otras Comunidades"},"content":{"rendered":"\n<h3 class=\"wp-block-heading\">Los d\u00edas 16 y 17 de abril organiza junto a su organizaci\u00f3n estatal Uni\u00f3n de Uniones unas jornadas en Utiel sobre las pol\u00edticas p\u00fablicas para el sector.<\/h3>\n\n\n\n<p>La Uni\u00f3 Llauradora ha solicitado a la Conselleria de Agricultura que las subvenciones a la vendimia en verde para los productores de uva de vinificaci\u00f3n de la Comunitat Valenciana sean similares a los de otras comunidades aut\u00f3nomas y no suceda lo que el a\u00f1o pasado que supuso un claro agravio comparativo.&nbsp;<\/p>\n\n\n\n<p>En 2023, la superficie solicitada en la Comunitat Valenciana represent\u00f3 \u00fanicamente el 8% del total espa\u00f1ol y las ayudas totales \u00fanicamente representaron el 5% del total espa\u00f1ol. As\u00ed, las ayudas que recibieron los viticultores valencianos fueron un 33% inferiores a la media espa\u00f1ola y un 66% inferior a las ayudas que recibieron los viticultores de la Rioja.<\/p>\n\n\n\n<p>La vendimia en verde es un instrumento de gesti\u00f3n de crisis que se contempla al detectarse un desequilibrio de mercado como en la actualidad y La Uni\u00f3 considera que es una medida efectiva para equilibrar la oferta y la demanda y la \u00fanica que garantiza un ingreso directo a las personas productoras.<\/p>\n\n\n\n<p>El Ministerio de Agricultura ha fijado el presupuesto para la puesta en marcha de la cosecha en verde y hasta la fecha se han acogido a esta medida siete comunidades aut\u00f3nomas: Comunitat Valenciana, Murcia, Madrid, Castilla-La Mancha, Navarra, Pa\u00eds Vasco y La Rioja. Son cada una de las comunidades aut\u00f3nomas las responsables de establecer los medios legislativos y t\u00e9cnicos para desarrollar este proceso, lo que puede suponer que, acogi\u00e9ndose a la misma ayuda, los productores reciben una cuant\u00eda diferente en funci\u00f3n de la CC.AA. en la cual se encuentran.<\/p>\n\n\n\n<p>La Uni\u00f3 ha solicitado en reiteradas ocasiones a la Conselleria de Agricultura que cuantificara estas ayudas de acuerdo con lo que se est\u00e1 haciendo en el resto de CC. AA., tanto en cuanto a los importes m\u00e1ximos de los costes de producci\u00f3n por hect\u00e1rea como en la compensaci\u00f3n por la p\u00e9rdida de ingresos.&nbsp;<\/p>\n\n\n\n<p>Para 2024 hay menos comunidades aut\u00f3nomas que han pedido acogerse a esta ayuda y la dotaci\u00f3n presupuestaria del Ministerio de Agricultura es de 21,4 millones de euros, lo que representa un incremento del 45% respecto a la campa\u00f1a pasada.&nbsp;<\/p>\n\n\n\n<p>Desde La Uni\u00f3 se solicita que en la resoluci\u00f3n por la cual se convoquen ayudas a la cosecha en verde para la campa\u00f1a 2024\/2025 en la Comunitat Valenciana se asigne para los costes directos de destrucci\u00f3n o eliminaci\u00f3n de la uva un importe parecido al establecido en otras comunidades aut\u00f3nomas, as\u00ed como para los valores de la compensaci\u00f3n por p\u00e9rdidas de ingresos se implanten los precios establecidos en el Plan de seguros agrarios de 2024. Tambi\u00e9n pide que la compensaci\u00f3n por p\u00e9rdidas de ingresos se establezca como m\u00ednimo en un 60% del importe m\u00e1ximo y que la puntuaci\u00f3n para las parcelas inscritas en la IGP \u201cVinos de la Tierra de Castell\u00f3\u201d sea la misma que la que se aplica para el resto de las parcelas inscritas en las otras tres Denominaciones de Origen de la Comunitat Valenciana (Utiel-Requena, Valencia y Alicante).<\/p>\n\n\n\n<p>Precisamente, la pr\u00f3xima semana, concretamente los d\u00edas 16 y 17 de abril, se celebran en Utiel unas jornadas estatales sobre pol\u00edticas p\u00fablicas en el sector vitivin\u00edcola organizadas por la Uni\u00f3n de Uniones y La Uni\u00f3.&nbsp;<\/p>\n\n\n\n<p>A lo largo de esos dos d\u00edas se va a analizar la situaci\u00f3n del sector y sus principales macromagnitudes: superficie, producci\u00f3n, consumo y comercio; las estrategias a seguir en la negociaci\u00f3n de las pol\u00edticas p\u00fablicas en el sector vitivin\u00edcola (PEPAC y sector vitivin\u00edcola), la intervenci\u00f3n sectorial vitivin\u00edcola (ISV) y la valoraci\u00f3n y propuestas en un contexto de crisis en el sector junto a su potencial productivo.&nbsp;<\/p>\n\n\n\n<p>Tambi\u00e9n se plantear\u00e1n las pol\u00edticas p\u00fablicas en seguros agrarios para el sector vitivin\u00edcola como herramienta que asegure las rentas de los viticultores, las ayudas directas al sector y el papel de las CCAA ante la sequ\u00eda o la crisis derivada del conflicto en Ucrania.<\/p>\n","protected":false},"excerpt":{"rendered":"<div class=\"mh-excerpt\">Los d\u00edas 16 y 17 de abril organiza junto a su organizaci\u00f3n estatal Uni\u00f3n de Uniones unas jornadas en Utiel sobre las pol\u00edticas p\u00fablicas para el sector. La Uni\u00f3 Llauradora ha solicitado a la Conselleria <a class=\"mh-excerpt-more\" href=\"https:\/\/www.tucomarca.com\/wordpress\/segunda\/la-unio-pide-a-la-conselleria-de-agricultura-que-las-ayudas-a-la-cosecha-en-verde-de-la-uva-de-vino-sean-similares-a-las-de-otras-comunidades\/\" title=\"La Uni\u00f3 pide a la Conselleria de Agricultura que las ayudas a la cosecha en verde de la uva de vino sean similares a las de otras Comunidades\">[+] <\/a><\/div>\n","protected":false},"author":12,"featured_media":217694,"comment_status":"open","ping_status":"open","sticky":false,"template":"","format":"standard","meta":{"footnotes":""},"categories":[169,46,128,8,72,59,142,3,45],"tags":[10395,18020,10400],"class_list":{"0":"post-217692","1":"post","2":"type-post","3":"status-publish","4":"format-standard","5":"has-post-thumbnail","7":"category-agricultura-la-comarca","8":"category-camp-de-turia","9":"category-infraestructuras","10":"category-la-comarca","11":"category-sin-categorizar","12":"category-los-serranos","13":"category-politica-la-comarca","14":"category-seccion","15":"category-ventana","16":"tag-camp-de-turia","17":"tag-la-unio-llauradora","18":"tag-los-serranos"},"_links":{"self":[{"href":"https:\/\/www.tucomarca.com\/wordpress\/segunda\/wp-json\/wp\/v2\/posts\/217692","targetHints":{"allow":["GET"]}}],"collection":[{"href":"https:\/\/www.tucomarca.com\/wordpress\/segunda\/wp-json\/wp\/v2\/posts"}],"about":[{"href":"https:\/\/www.tucomarca.com\/wordpress\/segunda\/wp-json\/wp\/v2\/types\/post"}],"author":[{"embeddable":true,"href":"https:\/\/www.tucomarca.com\/wordpress\/segunda\/wp-json\/wp\/v2\/users\/12"}],"replies":[{"embeddable":true,"href":"https:\/\/www.tucomarca.com\/wordpress\/segunda\/wp-json\/wp\/v2\/comments?post=217692"}],"version-history":[{"count":0,"href":"https:\/\/www.tucomarca.com\/wordpress\/segunda\/wp-json\/wp\/v2\/posts\/217692\/revisions"}],"wp:featuredmedia":[{"embeddable":true,"href":"https:\/\/www.tucomarca.com\/wordpress\/segunda\/wp-json\/wp\/v2\/media\/217694"}],"wp:attachment":[{"href":"https:\/\/www.tucomarca.com\/wordpress\/segunda\/wp-json\/wp\/v2\/media?parent=217692"}],"wp:term":[{"taxonomy":"category","embeddable":true,"href":"https:\/\/www.tucomarca.com\/wordpress\/segunda\/wp-json\/wp\/v2\/categories?post=217692"},{"taxonomy":"post_tag","embeddable":true,"href":"https:\/\/www.tucomarca.com\/wordpress\/segunda\/wp-json\/wp\/v2\/tags?post=217692"}],"curies":[{"name":"wp","href":"https:\/\/api.w.org\/{rel}","templated":true}]}}