{"id":21840,"date":"2014-01-16T11:50:24","date_gmt":"2014-01-16T08:50:24","guid":{"rendered":"http:\/\/www.tucomarca.com\/wordpress\/segunda\/?p=21840"},"modified":"2014-01-16T11:50:31","modified_gmt":"2014-01-16T08:50:31","slug":"el-turisano-german-marchuet-se-proclama-subcampeon-nacional-de-caza-con-podenco-ibicenco","status":"publish","type":"post","link":"https:\/\/www.tucomarca.com\/wordpress\/segunda\/el-turisano-german-marchuet-se-proclama-subcampeon-nacional-de-caza-con-podenco-ibicenco\/","title":{"rendered":"El turisano Germ\u00e1n Marchuet se proclama subcampe\u00f3n nacional de caza con podenco ibicenco"},"content":{"rendered":"<p><figure id=\"attachment_21841\" aria-describedby=\"caption-attachment-21841\" style=\"width: 300px\" class=\"wp-caption alignleft\"><a href=\"https:\/\/www.tucomarca.com\/wordpress\/segunda\/?attachment_id=21841\" rel=\"attachment wp-att-21841\"><img loading=\"lazy\" decoding=\"async\" src=\"https:\/\/www.tucomarca.com\/wordpress\/segunda\/wp-content\/uploads\/2014\/01\/German-con-su-equipo.-300x201.jpg\" alt=\"\" title=\"German con su equipo.\" width=\"300\" height=\"201\" class=\"size-medium wp-image-21841\" srcset=\"https:\/\/www.tucomarca.com\/wordpress\/segunda\/wp-content\/uploads\/2014\/01\/German-con-su-equipo.-300x201.jpg 300w, https:\/\/www.tucomarca.com\/wordpress\/segunda\/wp-content\/uploads\/2014\/01\/German-con-su-equipo..jpg 800w\" sizes=\"auto, (max-width: 300px) 100vw, 300px\" \/><\/a><figcaption id=\"caption-attachment-21841\" class=\"wp-caption-text\">Germ\u00e1n posando junto al resto de su equipo. tc.c<\/figcaption><\/figure>El 2013 no pudo acabar mejor para el turisano y gran aficionado a la caza Germ\u00e1n Marchuet Hoyos tras quedar subcampe\u00f3n de Espa\u00f1a de caza con podenco ibicenco en el campeonato celebrado en Vilanova D\u2019Alcolea.<br \/>\nMarchuet acab\u00f3 segundo en un concurso que reuni\u00f3 hasta catorce collas procedentes de Baleares, Catalu\u00f1a, Arag\u00f3n, Castilla la Mancha y la propia Comunitat Valenciana. La actuaci\u00f3n de sus seis perros fue espectacular tras encontrar ocho conejos y cazar dos piezas.<br \/>\n\u201cHa sido algo incre\u00edble y, pese a ser algo por lo que siempre est\u00e1s luchando, no acabas de cre\u00e9rtelo cuando sucede. Subir al p\u00f3dium es un sue\u00f1o hecho realidad\u201d, asegura emocionado Germ\u00e1n tras conseguir el segundo puesto junto a su fuel escudero Nacho Ni\u00f1erola. Un logro que todav\u00eda adquiere mayor importancia ya que se enfrentaba a los mejores a nivel nacional. Informa Enrique Mora.<\/p>\n","protected":false},"excerpt":{"rendered":"<div class=\"mh-excerpt\">El 2013 no pudo acabar mejor para el turisano y gran aficionado a la caza Germ\u00e1n Marchuet Hoyos tras quedar subcampe\u00f3n de Espa\u00f1a de caza con podenco ibicenco en el campeonato celebrado en Vilanova D\u2019Alcolea. <a class=\"mh-excerpt-more\" href=\"https:\/\/www.tucomarca.com\/wordpress\/segunda\/el-turisano-german-marchuet-se-proclama-subcampeon-nacional-de-caza-con-podenco-ibicenco\/\" title=\"El turisano Germ\u00e1n Marchuet se proclama subcampe\u00f3n nacional de caza con podenco ibicenco\">[+] <\/a><\/div>\n","protected":false},"author":2,"featured_media":21841,"comment_status":"open","ping_status":"open","sticky":false,"template":"","format":"standard","meta":{"footnotes":""},"categories":[8,42,3,43],"tags":[2932,2934,2933,10394],"class_list":{"0":"post-21840","1":"post","2":"type-post","3":"status-publish","4":"format-standard","5":"has-post-thumbnail","7":"category-la-comarca","8":"category-la-ribera","9":"category-seccion","10":"category-turis","11":"tag-marchuet","12":"tag-podenco-ibicenco","13":"tag-subcampeon-caza","14":"tag-turis"},"_links":{"self":[{"href":"https:\/\/www.tucomarca.com\/wordpress\/segunda\/wp-json\/wp\/v2\/posts\/21840","targetHints":{"allow":["GET"]}}],"collection":[{"href":"https:\/\/www.tucomarca.com\/wordpress\/segunda\/wp-json\/wp\/v2\/posts"}],"about":[{"href":"https:\/\/www.tucomarca.com\/wordpress\/segunda\/wp-json\/wp\/v2\/types\/post"}],"author":[{"embeddable":true,"href":"https:\/\/www.tucomarca.com\/wordpress\/segunda\/wp-json\/wp\/v2\/users\/2"}],"replies":[{"embeddable":true,"href":"https:\/\/www.tucomarca.com\/wordpress\/segunda\/wp-json\/wp\/v2\/comments?post=21840"}],"version-history":[{"count":0,"href":"https:\/\/www.tucomarca.com\/wordpress\/segunda\/wp-json\/wp\/v2\/posts\/21840\/revisions"}],"wp:featuredmedia":[{"embeddable":true,"href":"https:\/\/www.tucomarca.com\/wordpress\/segunda\/wp-json\/wp\/v2\/media\/21841"}],"wp:attachment":[{"href":"https:\/\/www.tucomarca.com\/wordpress\/segunda\/wp-json\/wp\/v2\/media?parent=21840"}],"wp:term":[{"taxonomy":"category","embeddable":true,"href":"https:\/\/www.tucomarca.com\/wordpress\/segunda\/wp-json\/wp\/v2\/categories?post=21840"},{"taxonomy":"post_tag","embeddable":true,"href":"https:\/\/www.tucomarca.com\/wordpress\/segunda\/wp-json\/wp\/v2\/tags?post=21840"}],"curies":[{"name":"wp","href":"https:\/\/api.w.org\/{rel}","templated":true}]}}