{"id":218604,"date":"2024-04-12T09:00:00","date_gmt":"2024-04-12T07:00:00","guid":{"rendered":"http:\/\/www.tucomarca.com\/wordpress\/segunda\/?p=218604"},"modified":"2024-04-12T15:42:31","modified_gmt":"2024-04-12T13:42:31","slug":"el-gal-rurable-promueve-el-encuentro-de-corresponsales-de-las-oficinas-de-juventud-del-territorio-rurable","status":"publish","type":"post","link":"https:\/\/www.tucomarca.com\/wordpress\/segunda\/el-gal-rurable-promueve-el-encuentro-de-corresponsales-de-las-oficinas-de-juventud-del-territorio-rurable\/","title":{"rendered":"El GAL Rurable promueve el encuentro de corresponsales de las oficinas de juventud del Territorio Rurable"},"content":{"rendered":"\n<p>Los j\u00f3venes espa\u00f1oles tienen un papel fundamental en las pol\u00edticas de revitalizaci\u00f3n del medio rural. Su implicaci\u00f3n en el desarrollo de los territorios, en su gesti\u00f3n y en su tejido asociativo es fundamental cuando hablamos de futuro. Desde el GAL siempre se han contemplado como un colectivo a favorecer. Consideramos que es nuestro deber apoyarles, dado que conforman uno de los grupos de poblaci\u00f3n que m\u00e1s han sufrido las consecuencias de las crisis econ\u00f3micas, medioambientales y sanitarias acontecidas en los \u00faltimos a\u00f1os.<\/p>\n\n\n\n<p>Nuestro objetivo es motivar su implicaci\u00f3n en el desarrollo del territorio y su participaci\u00f3n activa. Si queremos una sociedad sostenible e inclusiva, con equidad, cohesi\u00f3n y justicia social, tenemos que comenzar por la revitalizaci\u00f3n del medio rural. Y para ello, necesitamos ir de la mano de la juventud.<\/p>\n\n\n\n<p>En esta ocasi\u00f3n promovemos un Encuentro de Corresponsales Juveniles (del 12 al 14 de abril), en colaboraci\u00f3n con las Oficinas de Juventud del territorio Rurable, el encuentro se va a desarrollar en los municipios de Venta del Moro, Siete Aguas y Cofrentes. Cincuenta j\u00f3venes van a ser \u201creporteros\u201d de su territorio y adem\u00e1s de conocerlo van a entrevistar a gentes de estos pueblos, poblaci\u00f3n retornada o afincada proveniente de otros lares, emprendedores, empresarios, representantes municipales. Experiencias combinadas con el ocio, \u00a1que hay tiempo para todo!: disco m\u00f3vil a cargo de DJ Mari Events el s\u00e1bado noche en Venta del Moro y una Gimkana en Cofrentes como fin del encuentro el domingo por la ma\u00f1ana.<\/p>\n\n\n\n<p>La convivencia entre j\u00f3venes de una gran parte de nuestro territorio, las oficinas que no est\u00e1n presentes es porque no tienen corresponsales, favorecer\u00e1 el conocimiento del mismo por todos y podr\u00e1n tomar conciencia y ser trasmisores de \u00e9l como un sitio para vivir y desarrollar actividades laborales y emprendedoras.<\/p>\n\n\n\n<p>A\u00fan no tiramos la toalla en lo que a nuestros j\u00f3venes se refiere, seguiremos trabajando con ellos en el futuro de una u otra manera. Confiamos que este primer contacto sea el germen de futuros encuentros. Siempre ellos ser\u00e1n Embajadores Rurable.<\/p>\n","protected":false},"excerpt":{"rendered":"<div class=\"mh-excerpt\">Los j\u00f3venes espa\u00f1oles tienen un papel fundamental en las pol\u00edticas de revitalizaci\u00f3n del medio rural. Su implicaci\u00f3n en el desarrollo de los territorios, en su gesti\u00f3n y en su tejido asociativo es fundamental cuando hablamos <a class=\"mh-excerpt-more\" href=\"https:\/\/www.tucomarca.com\/wordpress\/segunda\/el-gal-rurable-promueve-el-encuentro-de-corresponsales-de-las-oficinas-de-juventud-del-territorio-rurable\/\" title=\"El GAL Rurable promueve el encuentro de corresponsales de las oficinas de juventud del Territorio Rurable\">[+] <\/a><\/div>\n","protected":false},"author":12,"featured_media":218606,"comment_status":"open","ping_status":"open","sticky":false,"template":"","format":"standard","meta":{"footnotes":""},"categories":[4,38,41,8,10,7,27,3,12,234],"tags":[12385,10387,19799],"class_list":{"0":"post-218604","1":"post","2":"type-post","3":"status-publish","4":"format-standard","5":"has-post-thumbnail","7":"category-agenda","8":"category-ayora-cofrentes","9":"category-cofrentes","10":"category-la-comarca","11":"category-la-hoya","12":"category-ocio-y-cultura","13":"category-requena-utiel","14":"category-seccion","15":"category-siete-aguas","16":"category-venta-del-moro","17":"tag-mancomunidad-del-interior-tierra-del-vino","18":"tag-requena-utiel","19":"tag-territorio-rurable"},"_links":{"self":[{"href":"https:\/\/www.tucomarca.com\/wordpress\/segunda\/wp-json\/wp\/v2\/posts\/218604","targetHints":{"allow":["GET"]}}],"collection":[{"href":"https:\/\/www.tucomarca.com\/wordpress\/segunda\/wp-json\/wp\/v2\/posts"}],"about":[{"href":"https:\/\/www.tucomarca.com\/wordpress\/segunda\/wp-json\/wp\/v2\/types\/post"}],"author":[{"embeddable":true,"href":"https:\/\/www.tucomarca.com\/wordpress\/segunda\/wp-json\/wp\/v2\/users\/12"}],"replies":[{"embeddable":true,"href":"https:\/\/www.tucomarca.com\/wordpress\/segunda\/wp-json\/wp\/v2\/comments?post=218604"}],"version-history":[{"count":0,"href":"https:\/\/www.tucomarca.com\/wordpress\/segunda\/wp-json\/wp\/v2\/posts\/218604\/revisions"}],"wp:featuredmedia":[{"embeddable":true,"href":"https:\/\/www.tucomarca.com\/wordpress\/segunda\/wp-json\/wp\/v2\/media\/218606"}],"wp:attachment":[{"href":"https:\/\/www.tucomarca.com\/wordpress\/segunda\/wp-json\/wp\/v2\/media?parent=218604"}],"wp:term":[{"taxonomy":"category","embeddable":true,"href":"https:\/\/www.tucomarca.com\/wordpress\/segunda\/wp-json\/wp\/v2\/categories?post=218604"},{"taxonomy":"post_tag","embeddable":true,"href":"https:\/\/www.tucomarca.com\/wordpress\/segunda\/wp-json\/wp\/v2\/tags?post=218604"}],"curies":[{"name":"wp","href":"https:\/\/api.w.org\/{rel}","templated":true}]}}