{"id":219792,"date":"2024-04-18T09:30:00","date_gmt":"2024-04-18T07:30:00","guid":{"rendered":"https:\/\/www.tucomarca.com\/wordpress\/segunda\/?p=219792"},"modified":"2024-04-18T22:13:48","modified_gmt":"2024-04-18T20:13:48","slug":"ivacei-creara-un-grupo-de-trabajo-para-impulsar-la-construccion-del-pont-de-xativa-que-facilitara-el-desarrollo-industrial-de-alzira","status":"publish","type":"post","link":"https:\/\/www.tucomarca.com\/wordpress\/segunda\/ivacei-creara-un-grupo-de-trabajo-para-impulsar-la-construccion-del-pont-de-xativa-que-facilitara-el-desarrollo-industrial-de-alzira\/","title":{"rendered":"Ivace+i crear\u00e1 un grupo de trabajo para impulsar la construcci\u00f3n del Pont de X\u00e0tiva que facilitar\u00e1 el desarrollo industrial de Alzira"},"content":{"rendered":"\n<p><strong>El secretario auton\u00f3mico de Industria destaca la importancia de esta infraestructura para el crecimiento empresarial y econ\u00f3mico de Alzira<\/strong><\/p>\n\n\n\n<p><strong>Traslada al sector empresarial de la ciudad la voluntad y compromiso de la Generalitat para su desarrollo<\/strong><\/p>\n\n\n\n<p>El secretario auton\u00f3mico de Industria, Comercio y Consumo, Felipe Carrasco, ha anunciado que Ivace+i crear\u00e1 un grupo de trabajo con todos los agentes implicados para impulsar el proyecto definitivo del nuevo Pont de X\u00e1tiva en la ciudad de Alzira.<\/p>\n\n\n\n<p>As\u00ed, ha detallado que contar\u00e1 con la participaci\u00f3n de las Consellerias de Innovaci\u00f3n, Industria, Comercio y Turismo y de Medio Ambiente, Agua, Infraestructuras y Territorio, el Ayuntamiento de Alzira, Iberdrola y la Confederaci\u00f3n Hidrogr\u00e1fica del J\u00facar.<\/p>\n\n\n\n<p>Para el secretario auton\u00f3mico se trata de una infraestructura muy necesaria para el crecimiento econ\u00f3mico y empresarial de Alzira y que ahora, despu\u00e9s de a\u00f1os estancada, \u201cdesde el Consell vamos a impulsar, facilitando as\u00ed la creaci\u00f3n de la Entidad de Gesti\u00f3n y Modernizaci\u00f3n del \u00e1rea industrial Partida Materna\u201d.<\/p>\n\n\n\n<p>\u201cQuiero trasladar la absoluta voluntad pol\u00edtica y mano tendida desde la Generalitat con el Ayuntamiento de Alzira para, de manera conjunta, buscar soluciones que permitan construir esta infraestructura\u201d, ha asegurado.<\/p>\n\n\n\n<p>Cabe recordar que el Pont de X\u00e0tiva cuenta con una partida presupuestaria por parte del Gobierno central que est\u00e1 supeditada a que las obras est\u00e9n finalizadas en el ejercicio 2026, y, \u201cde no ser as\u00ed se perder\u00eda esta partida econ\u00f3mica y Alzira perder\u00eda tambi\u00e9n una oportunidad para que su sector empresarial siga siendo competitivo\u201d.<\/p>\n\n\n\n<p>Carrasco ha realizado estas declaraciones tras la reuni\u00f3n que ha mantenido con l\u2019Associaci\u00f3 Empresarial Alzira (AEA) en la que ha conocido de primera mano las necesidades del sector empresarial en los temas relacionados con las \u00e1reas industriales de la ciudad.<\/p>\n\n\n\n<p>Junto al secretario auton\u00f3mico han participado en la reuni\u00f3n, adem\u00e1s del presidente de AEA, Ra\u00fal Tudela, el vicepresidente Javier Sanchis, la gerente Nuria Gil, y el vocal Pedro Andr\u00e9s, as\u00ed como Jos\u00e9 Luis Palacios por parte del Ayuntamiento de Alzira.<\/p>\n\n\n\n<p>En este encuentro se han abordado cuestiones como el desarrollo del PAI del \u00e1rea industrial Carretera de Albalat o la conexi\u00f3n de Alzira con la AP-7, iniciativas en las que Carrasco ha trasladado el apoyo y total colaboraci\u00f3n de la Conselleria de Industria con el tejido empresarial de Alzira.<\/p>\n\n\n\n<p>\u201cAlzira necesita un apoyo de las instituciones, no solo a nivel auton\u00f3mico como ya estamos haciendo, sino tambi\u00e9n por parte del Gobierno central para poder desarrollar su actividad industrial sin perder competitividad ni empleo industrial\u201d, ha se\u00f1alado al respecto.<\/p>\n\n\n\n<p><strong>Visita a empresas<\/strong><\/p>\n\n\n\n<p>Tras la reuni\u00f3n con l\u2019Associaci\u00f3 Empresarial Alzira, el secretario auton\u00f3mico ha visitado la empresa Transportes Mazo, que se ha consolidado como referente en transporte de mercanc\u00eda refrigerada a nivel nacional e internacional y que cuenta con m\u00e1s de 80 a\u00f1os de historia.<\/p>\n\n\n\n<p>Asimismo, ha conocido de primera mano las instalaciones de Texlimca, que contribuye al desarrollo sostenible de la industria textil a trav\u00e9s de soluciones efectivas a los residuos textiles, el fomento de la protecci\u00f3n del medio ambiente, la contribuci\u00f3n al crecimiento econ\u00f3mico y el compromiso social del sector y que est\u00e1 plenamente alineada con la econom\u00eda circular.<\/p>\n","protected":false},"excerpt":{"rendered":"<div class=\"mh-excerpt\">El secretario auton\u00f3mico de Industria destaca la importancia de esta infraestructura para el crecimiento empresarial y econ\u00f3mico de Alzira Traslada al sector empresarial de la ciudad la voluntad y compromiso de la Generalitat para su <a class=\"mh-excerpt-more\" href=\"https:\/\/www.tucomarca.com\/wordpress\/segunda\/ivacei-creara-un-grupo-de-trabajo-para-impulsar-la-construccion-del-pont-de-xativa-que-facilitara-el-desarrollo-industrial-de-alzira\/\" title=\"Ivace+i crear\u00e1 un grupo de trabajo para impulsar la construcci\u00f3n del Pont de X\u00e0tiva que facilitar\u00e1 el desarrollo industrial de Alzira\">[+] <\/a><\/div>\n","protected":false},"author":13,"featured_media":219797,"comment_status":"open","ping_status":"open","sticky":false,"template":"","format":"standard","meta":{"footnotes":""},"categories":[69,128,8,42,142,3,45],"tags":[10402,10412,1407],"class_list":{"0":"post-219792","1":"post","2":"type-post","3":"status-publish","4":"format-standard","5":"has-post-thumbnail","7":"category-alzira","8":"category-infraestructuras","9":"category-la-comarca","10":"category-la-ribera","11":"category-politica-la-comarca","12":"category-seccion","13":"category-ventana","14":"tag-alzira","15":"tag-infraestructuras","16":"tag-ribera-alta"},"_links":{"self":[{"href":"https:\/\/www.tucomarca.com\/wordpress\/segunda\/wp-json\/wp\/v2\/posts\/219792","targetHints":{"allow":["GET"]}}],"collection":[{"href":"https:\/\/www.tucomarca.com\/wordpress\/segunda\/wp-json\/wp\/v2\/posts"}],"about":[{"href":"https:\/\/www.tucomarca.com\/wordpress\/segunda\/wp-json\/wp\/v2\/types\/post"}],"author":[{"embeddable":true,"href":"https:\/\/www.tucomarca.com\/wordpress\/segunda\/wp-json\/wp\/v2\/users\/13"}],"replies":[{"embeddable":true,"href":"https:\/\/www.tucomarca.com\/wordpress\/segunda\/wp-json\/wp\/v2\/comments?post=219792"}],"version-history":[{"count":0,"href":"https:\/\/www.tucomarca.com\/wordpress\/segunda\/wp-json\/wp\/v2\/posts\/219792\/revisions"}],"wp:featuredmedia":[{"embeddable":true,"href":"https:\/\/www.tucomarca.com\/wordpress\/segunda\/wp-json\/wp\/v2\/media\/219797"}],"wp:attachment":[{"href":"https:\/\/www.tucomarca.com\/wordpress\/segunda\/wp-json\/wp\/v2\/media?parent=219792"}],"wp:term":[{"taxonomy":"category","embeddable":true,"href":"https:\/\/www.tucomarca.com\/wordpress\/segunda\/wp-json\/wp\/v2\/categories?post=219792"},{"taxonomy":"post_tag","embeddable":true,"href":"https:\/\/www.tucomarca.com\/wordpress\/segunda\/wp-json\/wp\/v2\/tags?post=219792"}],"curies":[{"name":"wp","href":"https:\/\/api.w.org\/{rel}","templated":true}]}}