{"id":220031,"date":"2024-04-20T18:00:00","date_gmt":"2024-04-20T16:00:00","guid":{"rendered":"https:\/\/www.tucomarca.com\/wordpress\/segunda\/?p=220031"},"modified":"2024-04-20T20:48:34","modified_gmt":"2024-04-20T18:48:34","slug":"natalia-enguix-anima-a-los-236-municipios-de-la-red-contra-la-violencia-de-genero-a-aprovechar-las-ayudas-para-seguir-trabajando-por-la-igualdad","status":"publish","type":"post","link":"https:\/\/www.tucomarca.com\/wordpress\/segunda\/natalia-enguix-anima-a-los-236-municipios-de-la-red-contra-la-violencia-de-genero-a-aprovechar-las-ayudas-para-seguir-trabajando-por-la-igualdad\/","title":{"rendered":"Natalia Enguix anima a los 236 municipios de la Red contra la violencia de g\u00e9nero a aprovechar las ayudas para seguir trabajando por la igualdad"},"content":{"rendered":"\n<h3 class=\"wp-block-heading\">El BOP ha publicado el anuncio de la convocatoria para los ayuntamientos adheridos a la Red provincial contra la Violencia de G\u00e9nero, con una dotaci\u00f3n global de 900.000 euros, 200.000 m\u00e1s que en 2023.\u00a0<\/h3>\n\n\n\n<h3 class=\"wp-block-heading\">Entre las iniciativas subvencionables destacan \u201cla prevenci\u00f3n y lucha frente a la violencia contra las mujeres, la atenci\u00f3n a las v\u00edctimas, los protocolos de seguridad o la coeducaci\u00f3n\u201d, explica la vicepresidenta Nat\u00e0lia Enguix.<\/h3>\n\n\n\n<p>El Bolet\u00edn Oficial de la Provincia (BOP) public\u00f3 el jueves el anuncio de la convocatoria de subvenciones para los ayuntamientos adheridos a la Red de Municipios Protegidos contra la Violencia de G\u00e9nero de la Diputaci\u00f3 de Val\u00e8ncia. De esta forma, los 236 consistorios que integran la Red disponen de 20 d\u00edas h\u00e1biles para presentar los proyectos y campa\u00f1as que ser\u00e1n subvencionados por el \u00e1rea de Igualdad de la corporaci\u00f3n provincial.<\/p>\n\n\n\n<p>Al frente del \u00e1rea de Igualdad est\u00e1 la vicepresidenta Nat\u00e0lia Enguix, quien anima a los consistorios a \u201cpresentar esos proyectos e iniciativas que tratan de dar la mejor respuesta posible ante la lacra de la violencia ejercida contra las mujeres, al tiempo que nos permiten fortalecer esa red de trabajo provincial donde los ayuntamientos pueden compartir buenas pr\u00e1cticas y experiencias eficaces que ayuden a erradicar el problema\u201d.<\/p>\n\n\n\n<p>La dotaci\u00f3n econ\u00f3mica de la convocatoria \u201cse ha incrementado de 700.000 a 900.000 euros, a lo que debemos sumar los 180.000 euros para asociaciones, que hemos duplicado este a\u00f1o\u201d, se\u00f1ala Enguix, quien confia en \u201cpoder terminar la legislatura con todos los municipios valencianos trabajando en red para hacer frente a la violencia ejercida contra las mujeres\u201d.<\/p>\n\n\n\n<p>La convocatoria regula la concesi\u00f3n de las ayudas econ\u00f3micas en r\u00e9gimen de concurrencia competitiva para los consistorios que integran la Red provincial. Entre los proyectos subvencionables destacan los relacionados con la prevenci\u00f3n, detecci\u00f3n y lucha contra la violencia de g\u00e9nero; la coeducaci\u00f3n dirigida a la comunidad educativa y agentes sociales de los municipios; la atenci\u00f3n integral para mujeres en el sistema prostitucional y v\u00edctimas de explotaci\u00f3n sexual; la formaci\u00f3n especializada para el personal t\u00e9cnico, pol\u00edtico y de servicios sociales de los ayuntamientos; y los protocolos de protecci\u00f3n coordinados con las Fuerzas y Cuerpos de Seguridad del Estado.<\/p>\n\n\n\n<p>Otras propuestas que pueden recibir financiaci\u00f3n de la Diputaci\u00f3n son las contempladas en los planes de Igualdad locales y las incluidas en el Plan Estrat\u00e9gico de la Mujer en el Sistema Rural Valenciano. Adem\u00e1s, los ayuntamientos que integran la Red pueden solicitar ayuda para la puesta en marcha de campa\u00f1as de sensibilizaci\u00f3n en medios y soportes publicitarios, as\u00ed como de prevenci\u00f3n del consumo de prostituci\u00f3n.<\/p>\n\n\n\n<figure class=\"wp-block-image size-large\"><img loading=\"lazy\" decoding=\"async\" width=\"1024\" height=\"665\" src=\"https:\/\/www.tucomarca.com\/wordpress\/segunda\/wp-content\/uploads\/2024\/04\/AsambleaXarxa-1024x665.jpeg\" alt=\"\" class=\"wp-image-220035\" srcset=\"https:\/\/www.tucomarca.com\/wordpress\/segunda\/wp-content\/uploads\/2024\/04\/AsambleaXarxa-1024x665.jpeg 1024w, https:\/\/www.tucomarca.com\/wordpress\/segunda\/wp-content\/uploads\/2024\/04\/AsambleaXarxa-300x195.jpeg 300w, https:\/\/www.tucomarca.com\/wordpress\/segunda\/wp-content\/uploads\/2024\/04\/AsambleaXarxa-768x499.jpeg 768w, https:\/\/www.tucomarca.com\/wordpress\/segunda\/wp-content\/uploads\/2024\/04\/AsambleaXarxa-1536x997.jpeg 1536w, https:\/\/www.tucomarca.com\/wordpress\/segunda\/wp-content\/uploads\/2024\/04\/AsambleaXarxa.jpeg 1600w\" sizes=\"auto, (max-width: 1024px) 100vw, 1024px\" \/><\/figure>\n\n\n\n<p><strong>El 90% de la provincia<\/strong><\/p>\n\n\n\n<p>La und\u00e9cima Asamblea de la Red de Municipios Protegidos contra la Violencia de G\u00e9nero de la Diputaci\u00f3 de Val\u00e8ncia aprob\u00f3 el pasado 9 de abril la adhesi\u00f3n de 25 nuevos miembros a la plataforma que trabaja conjuntamente para dar respuesta a la violencia ejercida contra las mujeres. Al t\u00e9rmino de la asamblea, celebrada en las instalaciones del IVAF, centro educativo dependiente de la Diputaci\u00f3n, el presidente Vicent Momp\u00f3 y la vicepresidenta Enguix destacaron que con estas adhesiones \u201cson ya 236 de los 266 municipios valencianos los que forman parte de una Red que llega al 90% de la provincia\u201d.<\/p>\n\n\n\n<p>Por comarcas, la Vall d\u2019Albaida y la Ribera Alta son las que m\u00e1s municipios tienen adheridos a la Red de la Diputaci\u00f3n, con 32 cada una, seguidas de cerca por la Safor con 29 ayuntamientos miembros; la lista la completan l\u2019Horta Nord (22); l\u2019Horta Sud (19); el Camp de T\u00faria (16); la Costera y la Serran\u00eda (15); la Ribera Baixa (11); la Plana Utiel-Requena y el Camp de Morvedre (9); la Canal de Navarr\u00e9s y la Hoya de Bu\u00f1ol-Chiva (8); el Valle de Ayora-Cofrentes (6); y el Rinc\u00f3n de Ademuz (4).<\/p>\n\n\n\n<p>El texto de la convocatoria y sus anexos est\u00e1n disponibles en la p\u00e1gina web de la Diputaci\u00f3 Provincial de Val\u00e8ncia: <a href=\"https:\/\/www.dival.es\/igualtat.\">https:\/\/www.dival.es\/igualtat.<\/a><\/p>\n","protected":false},"excerpt":{"rendered":"<div class=\"mh-excerpt\">El BOP ha publicado el anuncio de la convocatoria para los ayuntamientos adheridos a la Red provincial contra la Violencia de G\u00e9nero, con una dotaci\u00f3n global de 900.000 euros, 200.000 m\u00e1s que en 2023.\u00a0 Entre <a class=\"mh-excerpt-more\" href=\"https:\/\/www.tucomarca.com\/wordpress\/segunda\/natalia-enguix-anima-a-los-236-municipios-de-la-red-contra-la-violencia-de-genero-a-aprovechar-las-ayudas-para-seguir-trabajando-por-la-igualdad\/\" title=\"Natalia Enguix anima a los 236 municipios de la Red contra la violencia de g\u00e9nero a aprovechar las ayudas para seguir trabajando por la igualdad\">[+] <\/a><\/div>\n","protected":false},"author":1,"featured_media":220032,"comment_status":"open","ping_status":"open","sticky":false,"template":"","format":"standard","meta":{"footnotes":""},"categories":[20540,128,8,72,20455,142,3,45],"tags":[3677,301,2142,17454,20542,20261,20543,16561],"class_list":{"0":"post-220031","1":"post","2":"type-post","3":"status-publish","4":"format-standard","5":"has-post-thumbnail","7":"category-igualdad-y-diversidad","8":"category-infraestructuras","9":"category-la-comarca","10":"category-sin-categorizar","11":"category-la-diputacio-de-valencia-informa","12":"category-politica-la-comarca","13":"category-seccion","14":"category-ventana","15":"tag-diputacio-de-valencia","16":"tag-enguix","17":"tag-la-comunitat","18":"tag-mompo","19":"tag-natalia","20":"tag-natalia-enguix","21":"tag-vicent","22":"tag-vicente-mompo"},"_links":{"self":[{"href":"https:\/\/www.tucomarca.com\/wordpress\/segunda\/wp-json\/wp\/v2\/posts\/220031","targetHints":{"allow":["GET"]}}],"collection":[{"href":"https:\/\/www.tucomarca.com\/wordpress\/segunda\/wp-json\/wp\/v2\/posts"}],"about":[{"href":"https:\/\/www.tucomarca.com\/wordpress\/segunda\/wp-json\/wp\/v2\/types\/post"}],"author":[{"embeddable":true,"href":"https:\/\/www.tucomarca.com\/wordpress\/segunda\/wp-json\/wp\/v2\/users\/1"}],"replies":[{"embeddable":true,"href":"https:\/\/www.tucomarca.com\/wordpress\/segunda\/wp-json\/wp\/v2\/comments?post=220031"}],"version-history":[{"count":0,"href":"https:\/\/www.tucomarca.com\/wordpress\/segunda\/wp-json\/wp\/v2\/posts\/220031\/revisions"}],"wp:featuredmedia":[{"embeddable":true,"href":"https:\/\/www.tucomarca.com\/wordpress\/segunda\/wp-json\/wp\/v2\/media\/220032"}],"wp:attachment":[{"href":"https:\/\/www.tucomarca.com\/wordpress\/segunda\/wp-json\/wp\/v2\/media?parent=220031"}],"wp:term":[{"taxonomy":"category","embeddable":true,"href":"https:\/\/www.tucomarca.com\/wordpress\/segunda\/wp-json\/wp\/v2\/categories?post=220031"},{"taxonomy":"post_tag","embeddable":true,"href":"https:\/\/www.tucomarca.com\/wordpress\/segunda\/wp-json\/wp\/v2\/tags?post=220031"}],"curies":[{"name":"wp","href":"https:\/\/api.w.org\/{rel}","templated":true}]}}