{"id":220104,"date":"2024-04-21T12:00:00","date_gmt":"2024-04-21T10:00:00","guid":{"rendered":"https:\/\/www.tucomarca.com\/wordpress\/segunda\/?p=220104"},"modified":"2024-04-21T22:15:42","modified_gmt":"2024-04-21T20:15:42","slug":"riba-roja-de-turia-subvencionara-con-hasta-5-000-euros-la-creacion-de-nuevas-empresas-autonomos-emprendedores-y-microempresas","status":"publish","type":"post","link":"https:\/\/www.tucomarca.com\/wordpress\/segunda\/riba-roja-de-turia-subvencionara-con-hasta-5-000-euros-la-creacion-de-nuevas-empresas-autonomos-emprendedores-y-microempresas\/","title":{"rendered":"Riba-roja de T\u00faria subvencionar\u00e1 con hasta 5.000 euros la creaci\u00f3n de nuevas empresas, aut\u00f3nomos, emprendedores y microempresas\u00a0"},"content":{"rendered":"\n<h3 class=\"wp-block-heading\">El ayuntamiento inicia el programa \u201cRibactiva Empr\u00e9n IV\u201d para apoyar a nuevas actividades emprendedoras en el \u00e1mbito minorista y peque\u00f1os negocios.<\/h3>\n\n\n\n<p>El Ayuntamiento de Riba-roja de T\u00faria ha publicado las bases reguladoras del programa \u201cRibactiva Empr\u00e9n IV\u201d cuyo objetivo es favorecer la creaci\u00f3n de la actividad empresarial, autoempleo y emprendimiento de personas aut\u00f3nomas y microempresas en la localidad. De esta forma, se pretende favorecer la generaci\u00f3n de empleo y la dinamizaci\u00f3n del tejido empresarial.&nbsp;<\/p>\n\n\n\n<p>Las bases reguladoras prev\u00e9n ayudas econ\u00f3micas de hasta 5.000 euros para los potenciales beneficiarios para sufragar los gastos corrientes necesarios para la puesta en marcha y el funcionamiento de la actividad a aquellos negocios emprendedores que han iniciado su alta nueva en la Seguridad Social en su actividad econ\u00f3mica correspondiente al periodo comprendido entre el 1 de octubre de 2022 y el 31 de diciembre de 2023.&nbsp;<\/p>\n\n\n\n<p>La convocatoria municipal establece que podr\u00e1n ser beneficiarios personas f\u00edsicas o jur\u00eddicas organizadas como empresario individual o profesional en r\u00e9gimen de mutua profesional, sociedades de responsabilidad limitada, sociedades colectivas, entidades sin personalidad jur\u00eddica -comunidades de bienes y sociedades civiles- o entidades de econom\u00eda social como cooperativas de trabajo asociado y sociedades limitadas laborales.&nbsp;<\/p>\n\n\n\n<p>Entre los requisitos a cumplir por los posibles beneficiarios destaca la obligaci\u00f3n de que la actividad debe ser desarrollada en el t\u00e9rmino municipal de Riba-roja de T\u00faria o domicilio fiscal en la localidad, la persona solicitante debe estar empadronada con fecha anterior a la convocatoria o al menos el 50% de los socios, el alta nueva debe estar comprendida entre el 1 de octubre de 2022 y el 31 de diciembre de 2023.&nbsp;<\/p>\n\n\n\n<p>Las bases reguladoras obligar\u00e1n, adem\u00e1s, a estar al corriente de las obligaciones tributarias con la Hacienda Estatal, con la Tesorer\u00eda General de la Seguridad Social y con el Ayuntamiento de Riba-roja de T\u00faria. Este requisito debe cumplirse tanto en la fecha de solicitud de la ayuda como a la fecha de concesi\u00f3n de la misma. Los beneficiarios deber\u00e1n mantener el alta de la actividad y el alta en la Seguridad Social hasta 1 a\u00f1o despu\u00e9s de la fecha de efectos del alta en dicho r\u00e9gimen. Adem\u00e1s, se regulan todas aquellas entidades y actividades que no podr\u00e1n optar a las ayudas econ\u00f3micas.<\/p>\n\n\n\n<p>En esta situaci\u00f3n destacan las administraciones p\u00fablicas, las sociedades p\u00fablicas, las asociaciones, fundaciones y dem\u00e1s entidades sin \u00e1nimo de lucro, aquellas actividades que no dispongan de licencia de apertura o no la hayan solicitado antes de la solicitud de subvenci\u00f3n, aquellas actividades nuevas en el ep\u00edgrafe del IAE dadas de alta antes del 1 de octubre de 2022, aquellas personas f\u00edsicas o jur\u00eddicas beneficiarias de ayudas de apoyo emprendedor en los cuatro \u00faltimos a\u00f1os y aquellas sociedades creadas entre el 1 de octubre de 2022 y el 31 de diciembre de 2023 pero constituidas con anterioridad bajo otra forma jur\u00eddica.&nbsp;<\/p>\n\n\n\n<p>Las cuant\u00edas econ\u00f3micas ser\u00e1n de 3.000 euros por persona solicitante que se podr\u00e1n ampliar en otros 2.000 euros, es decir, 5.000 euros en total en el caso de que la persona solicitante presenta otras caracter\u00edsticas como ser mujer, persona mayor de 45 a\u00f1os, persona desempleada e inscrita en Labora durante al menos 12 meses, j\u00f3venes de hasta 30 a\u00f1os, personas con diversidad funcional de al menos 33% y personas con riesgo de exclusi\u00f3n social. &nbsp;<\/p>\n\n\n\n<p>Las bases reguladoras establecen los gastos que ser\u00e1n subvencionables, como gastos de constituci\u00f3n de la actividad, gastos corrientes y de funcionamiento en materia de arrendamiento, compras de mercanc\u00edas, suministros de energ\u00eda el\u00e9ctrica y comunicaciones, reparaciones y conservaci\u00f3n, cuotas de Seguridad Social, intereses de hipoteca, cuotas en asociaciones, gastos de cursos de formaci\u00f3n, elaboraci\u00f3n de un plan de viabilidad, cuotas en asociaciones empresariales o gastos corrientes vinculados a la actividad.&nbsp;<\/p>\n\n\n\n<p>El alcalde de Riba-roja de T\u00faria, Robert Raga, ha subrayado \u201cla gran acogida que tienen este tipo de iniciativas entre los nuevos aut\u00f3nomos, emprendedores y microempresas como forma de fomentar la creaci\u00f3n de nuevas iniciativas al tiempo que se fomenta el tejido econ\u00f3mico que permite la creaci\u00f3n de nevos puestos de trabajo, se genera riqueza y se dinamiza la sociedad social\u201d.<\/p>\n","protected":false},"excerpt":{"rendered":"<div class=\"mh-excerpt\">El ayuntamiento inicia el programa \u201cRibactiva Empr\u00e9n IV\u201d para apoyar a nuevas actividades emprendedoras en el \u00e1mbito minorista y peque\u00f1os negocios. El Ayuntamiento de Riba-roja de T\u00faria ha publicado las bases reguladoras del programa \u201cRibactiva <a class=\"mh-excerpt-more\" href=\"https:\/\/www.tucomarca.com\/wordpress\/segunda\/riba-roja-de-turia-subvencionara-con-hasta-5-000-euros-la-creacion-de-nuevas-empresas-autonomos-emprendedores-y-microempresas\/\" title=\"Riba-roja de T\u00faria subvencionar\u00e1 con hasta 5.000 euros la creaci\u00f3n de nuevas empresas, aut\u00f3nomos, emprendedores y microempresas\u00a0\">[+] <\/a><\/div>\n","protected":false},"author":12,"featured_media":151596,"comment_status":"open","ping_status":"open","sticky":false,"template":"","format":"standard","meta":{"footnotes":""},"categories":[46,128,8,142,182,3],"tags":[10395,15023],"class_list":{"0":"post-220104","1":"post","2":"type-post","3":"status-publish","4":"format-standard","5":"has-post-thumbnail","7":"category-camp-de-turia","8":"category-infraestructuras","9":"category-la-comarca","10":"category-politica-la-comarca","11":"category-riba-roja","12":"category-seccion","13":"tag-camp-de-turia","14":"tag-riba-roja-de-turia"},"_links":{"self":[{"href":"https:\/\/www.tucomarca.com\/wordpress\/segunda\/wp-json\/wp\/v2\/posts\/220104","targetHints":{"allow":["GET"]}}],"collection":[{"href":"https:\/\/www.tucomarca.com\/wordpress\/segunda\/wp-json\/wp\/v2\/posts"}],"about":[{"href":"https:\/\/www.tucomarca.com\/wordpress\/segunda\/wp-json\/wp\/v2\/types\/post"}],"author":[{"embeddable":true,"href":"https:\/\/www.tucomarca.com\/wordpress\/segunda\/wp-json\/wp\/v2\/users\/12"}],"replies":[{"embeddable":true,"href":"https:\/\/www.tucomarca.com\/wordpress\/segunda\/wp-json\/wp\/v2\/comments?post=220104"}],"version-history":[{"count":0,"href":"https:\/\/www.tucomarca.com\/wordpress\/segunda\/wp-json\/wp\/v2\/posts\/220104\/revisions"}],"wp:featuredmedia":[{"embeddable":true,"href":"https:\/\/www.tucomarca.com\/wordpress\/segunda\/wp-json\/wp\/v2\/media\/151596"}],"wp:attachment":[{"href":"https:\/\/www.tucomarca.com\/wordpress\/segunda\/wp-json\/wp\/v2\/media?parent=220104"}],"wp:term":[{"taxonomy":"category","embeddable":true,"href":"https:\/\/www.tucomarca.com\/wordpress\/segunda\/wp-json\/wp\/v2\/categories?post=220104"},{"taxonomy":"post_tag","embeddable":true,"href":"https:\/\/www.tucomarca.com\/wordpress\/segunda\/wp-json\/wp\/v2\/tags?post=220104"}],"curies":[{"name":"wp","href":"https:\/\/api.w.org\/{rel}","templated":true}]}}