{"id":220402,"date":"2024-04-23T09:09:00","date_gmt":"2024-04-23T07:09:00","guid":{"rendered":"https:\/\/www.tucomarca.com\/wordpress\/segunda\/?p=220402"},"modified":"2024-04-23T20:08:19","modified_gmt":"2024-04-23T18:08:19","slug":"la-do-utiel-requena-participa-en-prowein-singapur","status":"publish","type":"post","link":"https:\/\/www.tucomarca.com\/wordpress\/segunda\/la-do-utiel-requena-participa-en-prowein-singapur\/","title":{"rendered":"La DO Utiel-Requena participa en Prowein Singapur\u00a0"},"content":{"rendered":"\n<p>La Denominaci\u00f3n de Origen Utiel-Requena est\u00e1 en la feria ProWein Singapur desde hoy hasta el pr\u00f3ximo viernes 26. Esta feria es la m\u00e1s relevante del sector del vino celebrada en el mercado asi\u00e1tico y este a\u00f1o celebra su quinta edici\u00f3n.<\/p>\n\n\n\n<p>La DO participa en ProWein Singapur bajo stand agrupado junto a otras siete bodegas expositoras. Estas bodegas son: Chozas Carrascal, Montensanco, Vera de Estenas, Hispano-Suizas, Sierra Norte, Valsangiacomo- Viticultores de San Juan y Covi\u00f1as.<\/p>\n\n\n\n<p>Los ocho stands de la DO Utiel-Requena se encuentran en Singapore Expo, Hall 2, zona Espa\u00f1a, del 2E1-04 al 2E1-11. Informa, <strong>Luis Ib\u00e1\u00f1ez.<\/strong><\/p>\n","protected":false},"excerpt":{"rendered":"<div class=\"mh-excerpt\">La Denominaci\u00f3n de Origen Utiel-Requena est\u00e1 en la feria ProWein Singapur desde hoy hasta el pr\u00f3ximo viernes 26. Esta feria es la m\u00e1s relevante del sector del vino celebrada en el mercado asi\u00e1tico y este <a class=\"mh-excerpt-more\" href=\"https:\/\/www.tucomarca.com\/wordpress\/segunda\/la-do-utiel-requena-participa-en-prowein-singapur\/\" title=\"La DO Utiel-Requena participa en Prowein Singapur\u00a0\">[+] <\/a><\/div>\n","protected":false},"author":12,"featured_media":220405,"comment_status":"open","ping_status":"open","sticky":false,"template":"","format":"standard","meta":{"footnotes":""},"categories":[169,113,8,72,7,28,27,3,29],"tags":[1422,10388,10387],"class_list":{"0":"post-220402","1":"post","2":"type-post","3":"status-publish","4":"format-standard","5":"has-post-thumbnail","7":"category-agricultura-la-comarca","8":"category-vinos","9":"category-la-comarca","10":"category-sin-categorizar","11":"category-ocio-y-cultura","12":"category-requena","13":"category-requena-utiel","14":"category-seccion","15":"category-utiel","16":"tag-do-utiel-requena","17":"tag-requena","18":"tag-requena-utiel"},"_links":{"self":[{"href":"https:\/\/www.tucomarca.com\/wordpress\/segunda\/wp-json\/wp\/v2\/posts\/220402","targetHints":{"allow":["GET"]}}],"collection":[{"href":"https:\/\/www.tucomarca.com\/wordpress\/segunda\/wp-json\/wp\/v2\/posts"}],"about":[{"href":"https:\/\/www.tucomarca.com\/wordpress\/segunda\/wp-json\/wp\/v2\/types\/post"}],"author":[{"embeddable":true,"href":"https:\/\/www.tucomarca.com\/wordpress\/segunda\/wp-json\/wp\/v2\/users\/12"}],"replies":[{"embeddable":true,"href":"https:\/\/www.tucomarca.com\/wordpress\/segunda\/wp-json\/wp\/v2\/comments?post=220402"}],"version-history":[{"count":0,"href":"https:\/\/www.tucomarca.com\/wordpress\/segunda\/wp-json\/wp\/v2\/posts\/220402\/revisions"}],"wp:featuredmedia":[{"embeddable":true,"href":"https:\/\/www.tucomarca.com\/wordpress\/segunda\/wp-json\/wp\/v2\/media\/220405"}],"wp:attachment":[{"href":"https:\/\/www.tucomarca.com\/wordpress\/segunda\/wp-json\/wp\/v2\/media?parent=220402"}],"wp:term":[{"taxonomy":"category","embeddable":true,"href":"https:\/\/www.tucomarca.com\/wordpress\/segunda\/wp-json\/wp\/v2\/categories?post=220402"},{"taxonomy":"post_tag","embeddable":true,"href":"https:\/\/www.tucomarca.com\/wordpress\/segunda\/wp-json\/wp\/v2\/tags?post=220402"}],"curies":[{"name":"wp","href":"https:\/\/api.w.org\/{rel}","templated":true}]}}