{"id":220426,"date":"2024-04-23T14:00:00","date_gmt":"2024-04-23T12:00:00","guid":{"rendered":"https:\/\/www.tucomarca.com\/wordpress\/segunda\/?p=220426"},"modified":"2024-04-23T20:24:25","modified_gmt":"2024-04-23T18:24:25","slug":"video-asi-ha-sido-la-detencion-de-cinco-personas-en-la-hoya-de-bunol-chiva-por-intento-de-matrimonio-forzado-a-menor-y-malos-tratos-a-otra","status":"publish","type":"post","link":"https:\/\/www.tucomarca.com\/wordpress\/segunda\/video-asi-ha-sido-la-detencion-de-cinco-personas-en-la-hoya-de-bunol-chiva-por-intento-de-matrimonio-forzado-a-menor-y-malos-tratos-a-otra\/","title":{"rendered":"V\u00eddeo: as\u00ed ha sido la detenci\u00f3n de cinco personas en La Hoya de Bu\u00f1ol-Chiva por intento de matrimonio forzado a menor y malos tratos a otra"},"content":{"rendered":"\n<figure class=\"wp-block-embed is-type-video is-provider-youtube wp-block-embed-youtube wp-embed-aspect-16-9 wp-has-aspect-ratio\"><div class=\"wp-block-embed__wrapper\">\n<iframe loading=\"lazy\" title=\"Detenci\u00f3n de 5 personas en La Hoya por intento de matrimonio forzado a menor y malos tratos a otra\" width=\"500\" height=\"281\" src=\"https:\/\/www.youtube.com\/embed\/vkvYUnYFfTU?feature=oembed\" frameborder=\"0\" allow=\"accelerometer; autoplay; clipboard-write; encrypted-media; gyroscope; picture-in-picture; web-share\" referrerpolicy=\"strict-origin-when-cross-origin\" allowfullscreen><\/iframe>\n<\/div><\/figure>\n\n\n\n<p>Desde la Comandancia de la Guardia Civil de Valencia explican c\u00f3mo ha sido la detenci\u00f3n de cinco personas en La Hoya de Bu\u00f1ol-Chiva por intentar el matrimonio forzado de una menor y por malos tratos a otra.<\/p>\n","protected":false},"excerpt":{"rendered":"<div class=\"mh-excerpt\">Desde la Comandancia de la Guardia Civil de Valencia explican c\u00f3mo ha sido la detenci\u00f3n de cinco personas en La Hoya de Bu\u00f1ol-Chiva por intentar el matrimonio forzado de una menor y por malos tratos <a class=\"mh-excerpt-more\" href=\"https:\/\/www.tucomarca.com\/wordpress\/segunda\/video-asi-ha-sido-la-detencion-de-cinco-personas-en-la-hoya-de-bunol-chiva-por-intento-de-matrimonio-forzado-a-menor-y-malos-tratos-a-otra\/\" title=\"V\u00eddeo: as\u00ed ha sido la detenci\u00f3n de cinco personas en La Hoya de Bu\u00f1ol-Chiva por intento de matrimonio forzado a menor y malos tratos a otra\">[+] <\/a><\/div>\n","protected":false},"author":1,"featured_media":220428,"comment_status":"open","ping_status":"open","sticky":false,"template":"","format":"video","meta":{"footnotes":""},"categories":[128,8,72,10,3,116,45,26],"tags":[742,1098,5952],"class_list":{"0":"post-220426","1":"post","2":"type-post","3":"status-publish","4":"format-video","5":"has-post-thumbnail","7":"category-infraestructuras","8":"category-la-comarca","9":"category-sin-categorizar","10":"category-la-hoya","11":"category-seccion","12":"category-sucesos-la-comarca","13":"category-ventana","14":"category-video","15":"tag-detenidos","16":"tag-guardia-civil","17":"tag-la-hoya-de-bunol-chiva","18":"post_format-post-format-video"},"_links":{"self":[{"href":"https:\/\/www.tucomarca.com\/wordpress\/segunda\/wp-json\/wp\/v2\/posts\/220426","targetHints":{"allow":["GET"]}}],"collection":[{"href":"https:\/\/www.tucomarca.com\/wordpress\/segunda\/wp-json\/wp\/v2\/posts"}],"about":[{"href":"https:\/\/www.tucomarca.com\/wordpress\/segunda\/wp-json\/wp\/v2\/types\/post"}],"author":[{"embeddable":true,"href":"https:\/\/www.tucomarca.com\/wordpress\/segunda\/wp-json\/wp\/v2\/users\/1"}],"replies":[{"embeddable":true,"href":"https:\/\/www.tucomarca.com\/wordpress\/segunda\/wp-json\/wp\/v2\/comments?post=220426"}],"version-history":[{"count":0,"href":"https:\/\/www.tucomarca.com\/wordpress\/segunda\/wp-json\/wp\/v2\/posts\/220426\/revisions"}],"wp:featuredmedia":[{"embeddable":true,"href":"https:\/\/www.tucomarca.com\/wordpress\/segunda\/wp-json\/wp\/v2\/media\/220428"}],"wp:attachment":[{"href":"https:\/\/www.tucomarca.com\/wordpress\/segunda\/wp-json\/wp\/v2\/media?parent=220426"}],"wp:term":[{"taxonomy":"category","embeddable":true,"href":"https:\/\/www.tucomarca.com\/wordpress\/segunda\/wp-json\/wp\/v2\/categories?post=220426"},{"taxonomy":"post_tag","embeddable":true,"href":"https:\/\/www.tucomarca.com\/wordpress\/segunda\/wp-json\/wp\/v2\/tags?post=220426"}],"curies":[{"name":"wp","href":"https:\/\/api.w.org\/{rel}","templated":true}]}}