{"id":220506,"date":"2024-04-24T09:00:00","date_gmt":"2024-04-24T07:00:00","guid":{"rendered":"https:\/\/www.tucomarca.com\/wordpress\/segunda\/?p=220506"},"modified":"2024-04-24T09:00:45","modified_gmt":"2024-04-24T07:00:45","slug":"mompo-reivindica-el-tren-regional-valencia-cuenca-madrid","status":"publish","type":"post","link":"https:\/\/www.tucomarca.com\/wordpress\/segunda\/mompo-reivindica-el-tren-regional-valencia-cuenca-madrid\/","title":{"rendered":"Vicent Momp\u00f3 reivindica el tren regional Valencia-Cuenca-Madrid"},"content":{"rendered":"\n<h3 class=\"wp-block-heading\">El presidente de la Diputaci\u00f3 de Val\u00e8ncia, Vicent Momp\u00f3, y el alcalde de Utiel y diputado provincial, Ricardo Gabald\u00f3n, se re\u00fanen con los alcaldes de los municipios conquenses de Huete y Carboneras.<\/h3>\n\n\n\n<h3 class=\"wp-block-heading\">El m\u00e1ximo responsable de la corporaci\u00f3n provincial defiende \u201cla necesidad de este servicio ferroviario para luchar contra la despoblaci\u00f3n\u201d.<\/h3>\n\n\n\n<p>El presidente de la Diputaci\u00f3 de Val\u00e8ncia, Vicent Momp\u00f3, ha reivindicado el tren regional Valencia-Madrid-Cuenca, que est\u00e1 sin servicio desde hace casi dos a\u00f1os y en litigio en el Tribunal Supremo. \u201cSe est\u00e1 dejando a pueblos sin un servicio vital para su comunicaci\u00f3n y supervivencia\u201d, ha destacado Momp\u00f3, tras calificar este tren centenario como \u201cuna herramienta fundamental contra la despoblaci\u00f3n\u201d.<\/p>\n\n\n\n<p>Adem\u00e1s, ha subrayado el presidente de la Diputaci\u00f3n, \u201cafecta, sobre todo, a personas de edad avanzada que residen en localidades como Camporrobles o Utiel, pero que siguen conservando sus casas familiares en municipios como Mira o Narboneta\u201d.&nbsp;<\/p>\n\n\n\n<p>En este sentido, el diputado provincial y alcalde de Utiel, Ricardo Gabald\u00f3n, ha expresado su \u201cpreocupaci\u00f3n\u201d. \u201cEste d\u00e9ficit de comunicaciones, que se alarga ya demasiado, est\u00e1 repercutiendo negativamente en la vida de personas mayores, especialmente; aunque tambi\u00e9n en el resto de la poblaci\u00f3n, que necesita estos servicios\u201d, ha explicado Gabald\u00f3n, quien ha incidido en \u201cla importancia del transporte en la apuesta por los pueblos m\u00e1s peque\u00f1os\u201d.<\/p>\n\n\n\n<p>Momp\u00f3 ha abordado esta \u201cinconcebible situaci\u00f3n\u201d con los alcaldes de Huete, Francisco Javier Dom\u00e9nech, y Carboneras de Guadaza\u00f3n, Carlos Arteche. Los primeros ediles conquenses han agradecido al presidente de la Diputaci\u00f3n que \u201cnos haya escuchado y comparta con nosotros la preocupaci\u00f3n que tenemos en la provincia de Cuenca por llevar tanto tiempo sin tren\u201d. Tanto Dom\u00e9nech como Arteche han esgrimido que \u201ces inconcebible el cierre de una infraestructura sostenible, econ\u00f3mica y vertebradora del territorio\u201d.<\/p>\n\n\n\n<p>En este sentido, han argumentado, \u201cla \u00fanica soluci\u00f3n al problema que impide viajar en tren a vecinos de municipios de Cuenca, Madrid, Toledo y Valencia es que el Gobierno de Espa\u00f1a reabra la infraestructura y que invierta en ella, igual que lo est\u00e1 haciendo en otras partes del pa\u00eds\u201d.<\/p>\n","protected":false},"excerpt":{"rendered":"<div class=\"mh-excerpt\">El presidente de la Diputaci\u00f3 de Val\u00e8ncia, Vicent Momp\u00f3, y el alcalde de Utiel y diputado provincial, Ricardo Gabald\u00f3n, se re\u00fanen con los alcaldes de los municipios conquenses de Huete y Carboneras. El m\u00e1ximo responsable <a class=\"mh-excerpt-more\" href=\"https:\/\/www.tucomarca.com\/wordpress\/segunda\/mompo-reivindica-el-tren-regional-valencia-cuenca-madrid\/\" title=\"Vicent Momp\u00f3 reivindica el tren regional Valencia-Cuenca-Madrid\">[+] <\/a><\/div>\n","protected":false},"author":12,"featured_media":220509,"comment_status":"open","ping_status":"open","sticky":false,"template":"","format":"standard","meta":{"footnotes":""},"categories":[18,128,8,72,10,142,27,3,29,45],"tags":[10385,3677,10387,20562,10389,20563],"class_list":{"0":"post-220506","1":"post","2":"type-post","3":"status-publish","4":"format-standard","5":"has-post-thumbnail","7":"category-bunol","8":"category-infraestructuras","9":"category-la-comarca","10":"category-sin-categorizar","11":"category-la-hoya","12":"category-politica-la-comarca","13":"category-requena-utiel","14":"category-seccion","15":"category-utiel","16":"category-ventana","17":"tag-bunol","18":"tag-diputacio-de-valencia","19":"tag-requena-utiel","20":"tag-tren-regional","21":"tag-utiel","22":"tag-valencia-cuenca-madrid"},"_links":{"self":[{"href":"https:\/\/www.tucomarca.com\/wordpress\/segunda\/wp-json\/wp\/v2\/posts\/220506","targetHints":{"allow":["GET"]}}],"collection":[{"href":"https:\/\/www.tucomarca.com\/wordpress\/segunda\/wp-json\/wp\/v2\/posts"}],"about":[{"href":"https:\/\/www.tucomarca.com\/wordpress\/segunda\/wp-json\/wp\/v2\/types\/post"}],"author":[{"embeddable":true,"href":"https:\/\/www.tucomarca.com\/wordpress\/segunda\/wp-json\/wp\/v2\/users\/12"}],"replies":[{"embeddable":true,"href":"https:\/\/www.tucomarca.com\/wordpress\/segunda\/wp-json\/wp\/v2\/comments?post=220506"}],"version-history":[{"count":0,"href":"https:\/\/www.tucomarca.com\/wordpress\/segunda\/wp-json\/wp\/v2\/posts\/220506\/revisions"}],"wp:featuredmedia":[{"embeddable":true,"href":"https:\/\/www.tucomarca.com\/wordpress\/segunda\/wp-json\/wp\/v2\/media\/220509"}],"wp:attachment":[{"href":"https:\/\/www.tucomarca.com\/wordpress\/segunda\/wp-json\/wp\/v2\/media?parent=220506"}],"wp:term":[{"taxonomy":"category","embeddable":true,"href":"https:\/\/www.tucomarca.com\/wordpress\/segunda\/wp-json\/wp\/v2\/categories?post=220506"},{"taxonomy":"post_tag","embeddable":true,"href":"https:\/\/www.tucomarca.com\/wordpress\/segunda\/wp-json\/wp\/v2\/tags?post=220506"}],"curies":[{"name":"wp","href":"https:\/\/api.w.org\/{rel}","templated":true}]}}