{"id":220749,"date":"2024-04-25T09:20:00","date_gmt":"2024-04-25T07:20:00","guid":{"rendered":"https:\/\/www.tucomarca.com\/wordpress\/segunda\/?p=220749"},"modified":"2024-04-25T18:22:12","modified_gmt":"2024-04-25T16:22:12","slug":"medio-ambiente-suspende-de-manera-cautelar-la-autorizacion-de-la-planta-de-reciclaje-de-requena-e-impone-medidas-a-la-empresa","status":"publish","type":"post","link":"https:\/\/www.tucomarca.com\/wordpress\/segunda\/medio-ambiente-suspende-de-manera-cautelar-la-autorizacion-de-la-planta-de-reciclaje-de-requena-e-impone-medidas-a-la-empresa\/","title":{"rendered":"Medio Ambiente suspende de manera cautelar la autorizaci\u00f3n de la planta de reciclaje de Requena e impone medidas a la empresa"},"content":{"rendered":"\n<p><strong>La Direcci\u00f3n General de Calidad y Educaci\u00f3n Ambiental estudia nuevas actuaciones que puedan derivar en la clausura definitiva de la instalaci\u00f3n<\/strong><\/p>\n\n\n\n<p>La Direcci\u00f3n General de Calidad y Educaci\u00f3n Ambiental de la Conselleria de Medio Ambiente, Agua, Infraestructuras y Territorio ha suspendido de manera cautelar la Autorizaci\u00f3n Ambiental Integrada de la planta de reciclaje de Requena y ha impuesto medidas a la empresa gestora. La Direcci\u00f3n General tambi\u00e9n estudia nuevas actuaciones que puedan derivar en la clausura definitiva de la instalaci\u00f3n.<\/p>\n\n\n\n<p>As\u00ed lo ha anunciado el director general de Calidad y Educaci\u00f3n Ambiental, Jorge Blanco, quien ha confirmado que los t\u00e9cnicos de la Conselleria se han desplazado de nuevo al municipio y han vuelto a trasladar a la poblaci\u00f3n los an\u00e1lisis de la calidad del aire, que confirman que los registros est\u00e1n dentro de los par\u00e1metros permitidos.<\/p>\n\n\n\n<p>En la resoluci\u00f3n firmada por el director general, se comunica que, adem\u00e1s del cierre cautelar de la instalaci\u00f3n, la empresa debe retirar todos los restos calcinados, as\u00ed como los posibles acopios no afectados mediante un gestor autorizado.<\/p>\n\n\n\n<p>La Conselleria de Medio Ambiente ha mantenido un contacto directo con los ayuntamientos afectados desde el inicio del incendio en la planta. Entre las actuaciones de su competencia, ha mantenido en la zona una estaci\u00f3n de medici\u00f3n de calidad del aire y ha solicitado a la Confederaci\u00f3n Hidrogr\u00e1fica del J\u00facar colaboraci\u00f3n para los respectivos an\u00e1lisis.<\/p>\n","protected":false},"excerpt":{"rendered":"<div class=\"mh-excerpt\">La Direcci\u00f3n General de Calidad y Educaci\u00f3n Ambiental estudia nuevas actuaciones que puedan derivar en la clausura definitiva de la instalaci\u00f3n La Direcci\u00f3n General de Calidad y Educaci\u00f3n Ambiental de la Conselleria de Medio Ambiente, <a class=\"mh-excerpt-more\" href=\"https:\/\/www.tucomarca.com\/wordpress\/segunda\/medio-ambiente-suspende-de-manera-cautelar-la-autorizacion-de-la-planta-de-reciclaje-de-requena-e-impone-medidas-a-la-empresa\/\" title=\"Medio Ambiente suspende de manera cautelar la autorizaci\u00f3n de la planta de reciclaje de Requena e impone medidas a la empresa\">[+] <\/a><\/div>\n","protected":false},"author":1,"featured_media":220750,"comment_status":"open","ping_status":"open","sticky":false,"template":"","format":"standard","meta":{"footnotes":""},"categories":[119,128,8,72,117,142,28,27,140,3,116,45],"tags":[107,10388,10387,10417],"class_list":{"0":"post-220749","1":"post","2":"type-post","3":"status-publish","4":"format-standard","5":"has-post-thumbnail","7":"category-sanidad-la-comarca","8":"category-infraestructuras","9":"category-la-comarca","10":"category-sin-categorizar","11":"category-medio-ambiente-la-comarca","12":"category-politica-la-comarca","13":"category-requena","14":"category-requena-utiel","15":"category-san-antonio","16":"category-seccion","17":"category-sucesos-la-comarca","18":"category-ventana","19":"tag-medio-ambiente","20":"tag-requena","21":"tag-requena-utiel","22":"tag-san-antonio"},"_links":{"self":[{"href":"https:\/\/www.tucomarca.com\/wordpress\/segunda\/wp-json\/wp\/v2\/posts\/220749","targetHints":{"allow":["GET"]}}],"collection":[{"href":"https:\/\/www.tucomarca.com\/wordpress\/segunda\/wp-json\/wp\/v2\/posts"}],"about":[{"href":"https:\/\/www.tucomarca.com\/wordpress\/segunda\/wp-json\/wp\/v2\/types\/post"}],"author":[{"embeddable":true,"href":"https:\/\/www.tucomarca.com\/wordpress\/segunda\/wp-json\/wp\/v2\/users\/1"}],"replies":[{"embeddable":true,"href":"https:\/\/www.tucomarca.com\/wordpress\/segunda\/wp-json\/wp\/v2\/comments?post=220749"}],"version-history":[{"count":0,"href":"https:\/\/www.tucomarca.com\/wordpress\/segunda\/wp-json\/wp\/v2\/posts\/220749\/revisions"}],"wp:featuredmedia":[{"embeddable":true,"href":"https:\/\/www.tucomarca.com\/wordpress\/segunda\/wp-json\/wp\/v2\/media\/220750"}],"wp:attachment":[{"href":"https:\/\/www.tucomarca.com\/wordpress\/segunda\/wp-json\/wp\/v2\/media?parent=220749"}],"wp:term":[{"taxonomy":"category","embeddable":true,"href":"https:\/\/www.tucomarca.com\/wordpress\/segunda\/wp-json\/wp\/v2\/categories?post=220749"},{"taxonomy":"post_tag","embeddable":true,"href":"https:\/\/www.tucomarca.com\/wordpress\/segunda\/wp-json\/wp\/v2\/tags?post=220749"}],"curies":[{"name":"wp","href":"https:\/\/api.w.org\/{rel}","templated":true}]}}