{"id":220835,"date":"2024-04-26T09:15:00","date_gmt":"2024-04-26T07:15:00","guid":{"rendered":"https:\/\/www.tucomarca.com\/wordpress\/segunda\/?p=220835"},"modified":"2024-04-26T14:56:18","modified_gmt":"2024-04-26T12:56:18","slug":"el-conservatorio-profesional-municipal-san-rafael-de-bunol-participa-en-un-intercambio-con-el-conservatorio-de-musica-de-altea","status":"publish","type":"post","link":"https:\/\/www.tucomarca.com\/wordpress\/segunda\/el-conservatorio-profesional-municipal-san-rafael-de-bunol-participa-en-un-intercambio-con-el-conservatorio-de-musica-de-altea\/","title":{"rendered":"El Conservatorio Profesional Municipal San Rafael de Bu\u00f1ol participa en un intercambio con el Conservatorio de M\u00fasica de Altea"},"content":{"rendered":"\n<p>El Grupo de Percusi\u00f3n y el Ensemble de Saxofones del Conservatorio Profesional de M\u00fasica de Bu\u00f1ol particip\u00f3 el pasado jueves 18 de abril de 2024 en un concierto-intercambio junto a los grupos de percusi\u00f3n y de saxofones del Conservatorio de M\u00fasica de Altea (Alicante). <\/p>\n\n\n\n<p>Joaqu\u00edn Lamb\u00edes y Francisco J. Haro profesores y directores de ambos grupos prepararon un programa de un alto nivel t\u00e9cnico dedicado a la m\u00fasica original para este tipo de formaciones, y algunos arreglos adaptados para la ocasi\u00f3n por los propios profesores del proyecto. <\/p>\n\n\n\n<p>Fue el gran aplauso y las buenas criticas por parte del p\u00fablico las que premiaron esta atractiva y ambiciosa propuesta, lo que hace que los grupos y profesores hayan regresado del viaje con la sensaci\u00f3n del trabajo bien hecho y de seguir trabajando para proponer nuevos programas y proyectos para este tipo de formaciones. <\/p>\n\n\n\n<p>\u00abEsperamos que en pr\u00f3ximos cursos el Conservatorio de Altea nos pueda devolver la visita y podamos disfrutar en Bu\u00f1ol del alto nivel demostrado por las aulas de Saxof\u00f3n y Percusi\u00f3n de este centro\u00bb, han manifestado desde el conservatorio.<\/p>\n\n\n\n<p>El Grupo de Percusi\u00f3n y el Ensemble de Saxofones del Conservatorio de Bu\u00f1ol cuenta con alumnos de toda la comarca de La Hoya de Bu\u00f1ol.<\/p>\n\n\n\n<figure class=\"wp-block-image size-large\"><img loading=\"lazy\" decoding=\"async\" width=\"1024\" height=\"768\" src=\"https:\/\/www.tucomarca.com\/wordpress\/segunda\/wp-content\/uploads\/2024\/04\/ConservatorioAltea2-1024x768.jpg\" alt=\"\" class=\"wp-image-220839\" srcset=\"https:\/\/www.tucomarca.com\/wordpress\/segunda\/wp-content\/uploads\/2024\/04\/ConservatorioAltea2-1024x768.jpg 1024w, https:\/\/www.tucomarca.com\/wordpress\/segunda\/wp-content\/uploads\/2024\/04\/ConservatorioAltea2-300x225.jpg 300w, https:\/\/www.tucomarca.com\/wordpress\/segunda\/wp-content\/uploads\/2024\/04\/ConservatorioAltea2-768x576.jpg 768w, https:\/\/www.tucomarca.com\/wordpress\/segunda\/wp-content\/uploads\/2024\/04\/ConservatorioAltea2-678x509.jpg 678w, https:\/\/www.tucomarca.com\/wordpress\/segunda\/wp-content\/uploads\/2024\/04\/ConservatorioAltea2-326x245.jpg 326w, https:\/\/www.tucomarca.com\/wordpress\/segunda\/wp-content\/uploads\/2024\/04\/ConservatorioAltea2-80x60.jpg 80w, https:\/\/www.tucomarca.com\/wordpress\/segunda\/wp-content\/uploads\/2024\/04\/ConservatorioAltea2.jpg 1181w\" sizes=\"auto, (max-width: 1024px) 100vw, 1024px\" \/><\/figure>\n\n\n\n<p>Desde el Conservatorio quieren agradecer la colaboraci\u00f3n del AMPA y del respaldo innegable de la concejal\u00eda del Conservatorio del Ayuntamiento, sin los cuales ser\u00eda imposible realizar este tipo de actividades culturales y educativas que tanto enriquecen la formaci\u00f3n de los alumnos de nuestro centro.<\/p>\n","protected":false},"excerpt":{"rendered":"<div class=\"mh-excerpt\">El Grupo de Percusi\u00f3n y el Ensemble de Saxofones del Conservatorio Profesional de M\u00fasica de Bu\u00f1ol particip\u00f3 el pasado jueves 18 de abril de 2024 en un concierto-intercambio junto a los grupos de percusi\u00f3n y <a class=\"mh-excerpt-more\" href=\"https:\/\/www.tucomarca.com\/wordpress\/segunda\/el-conservatorio-profesional-municipal-san-rafael-de-bunol-participa-en-un-intercambio-con-el-conservatorio-de-musica-de-altea\/\" title=\"El Conservatorio Profesional Municipal San Rafael de Bu\u00f1ol participa en un intercambio con el Conservatorio de M\u00fasica de Altea\">[+] <\/a><\/div>\n","protected":false},"author":12,"featured_media":220837,"comment_status":"open","ping_status":"open","sticky":false,"template":"","format":"standard","meta":{"footnotes":""},"categories":[18,66,8,10,7,3],"tags":[10385,20426,5952],"class_list":{"0":"post-220835","1":"post","2":"type-post","3":"status-publish","4":"format-standard","5":"has-post-thumbnail","7":"category-bunol","8":"category-musica","9":"category-la-comarca","10":"category-la-hoya","11":"category-ocio-y-cultura","12":"category-seccion","13":"tag-bunol","14":"tag-conservatorio-san-rafael-de-bunol","15":"tag-la-hoya-de-bunol-chiva"},"_links":{"self":[{"href":"https:\/\/www.tucomarca.com\/wordpress\/segunda\/wp-json\/wp\/v2\/posts\/220835","targetHints":{"allow":["GET"]}}],"collection":[{"href":"https:\/\/www.tucomarca.com\/wordpress\/segunda\/wp-json\/wp\/v2\/posts"}],"about":[{"href":"https:\/\/www.tucomarca.com\/wordpress\/segunda\/wp-json\/wp\/v2\/types\/post"}],"author":[{"embeddable":true,"href":"https:\/\/www.tucomarca.com\/wordpress\/segunda\/wp-json\/wp\/v2\/users\/12"}],"replies":[{"embeddable":true,"href":"https:\/\/www.tucomarca.com\/wordpress\/segunda\/wp-json\/wp\/v2\/comments?post=220835"}],"version-history":[{"count":0,"href":"https:\/\/www.tucomarca.com\/wordpress\/segunda\/wp-json\/wp\/v2\/posts\/220835\/revisions"}],"wp:featuredmedia":[{"embeddable":true,"href":"https:\/\/www.tucomarca.com\/wordpress\/segunda\/wp-json\/wp\/v2\/media\/220837"}],"wp:attachment":[{"href":"https:\/\/www.tucomarca.com\/wordpress\/segunda\/wp-json\/wp\/v2\/media?parent=220835"}],"wp:term":[{"taxonomy":"category","embeddable":true,"href":"https:\/\/www.tucomarca.com\/wordpress\/segunda\/wp-json\/wp\/v2\/categories?post=220835"},{"taxonomy":"post_tag","embeddable":true,"href":"https:\/\/www.tucomarca.com\/wordpress\/segunda\/wp-json\/wp\/v2\/tags?post=220835"}],"curies":[{"name":"wp","href":"https:\/\/api.w.org\/{rel}","templated":true}]}}