{"id":220879,"date":"2024-04-26T15:30:00","date_gmt":"2024-04-26T13:30:00","guid":{"rendered":"https:\/\/www.tucomarca.com\/wordpress\/segunda\/?p=220879"},"modified":"2024-04-26T16:32:14","modified_gmt":"2024-04-26T14:32:14","slug":"la-diputacio-activa-las-ayudas-directas-para-ayuntamientos-y-asociaciones-en-materia-de-memoria-democratica","status":"publish","type":"post","link":"https:\/\/www.tucomarca.com\/wordpress\/segunda\/la-diputacio-activa-las-ayudas-directas-para-ayuntamientos-y-asociaciones-en-materia-de-memoria-democratica\/","title":{"rendered":"La Diputaci\u00f3 activa las ayudas directas para ayuntamientos y asociaciones en materia de memoria democr\u00e1tica"},"content":{"rendered":"\n<h3 class=\"wp-block-heading\">La delegaci\u00f3n que dirige la vicepresidenta Nat\u00e0lia Enguix abre la l\u00ednea de inversi\u00f3n de 2024 para subvencionar proyectos de localizaci\u00f3n, excavaci\u00f3n, exhumaci\u00f3n e identificaci\u00f3n de los restos de v\u00edctimas de la Guerra Civil.<\/h3>\n\n\n\n<h3 class=\"wp-block-heading\">Enguix reivindica en X\u00e0tiva la memoria como \u201cuna herramienta esencial en la sociedad actual para construir un futuro s\u00f3lido y democr\u00e1tico\u201d, un discurso que \u201ctenemos que conseguir que llegue a nuestra juventud\u201d.<\/h3>\n\n\n\n<p>La Diputaci\u00f3 de Val\u00e8ncia ha activado las subvenciones directas a los ayuntamientos y las asociaciones memorialistas y de familiares destinadas a proyectos de localizaci\u00f3n, excavaci\u00f3n, exhumaci\u00f3n e identificaci\u00f3n de los restos de v\u00edctimas de la Guerra Civil y la posguerra en las comarcas valencianas. Las solicitudes para participar en la convocatoria, primer paso para que la delegaci\u00f3n de Memoria Democr\u00e1tica que dirige Nat\u00e0lia Enguix contacte con los interesados, pueden presentarse hasta el pr\u00f3ximo 2 de mayo, en la carpeta de ayuntamientos en el caso de los consistorios y por el registro general para las asociaciones.<\/p>\n\n\n\n<p>Esta partida, que asciende a 210.000 euros, se suma a los 850.000 euros -700.000 para ayuntamientos y 150.000 para asociaciones- que la Diputaci\u00f3n convoc\u00f3 el pasado mes de marzo, por el procedimiento de concurrencia competitiva, para recuperaci\u00f3n de patrimonio memorialista, en el caso de la exhumaci\u00f3n de trincheras o la rehabilitaci\u00f3n de refugios impulsadas por los consistorios; y para las exposiciones, congresos, acciones educativas y el resto de actividades propuestas por las asociaciones.<\/p>\n\n\n\n<p>En palabras de la vicepresidenta Enguix, \u201cel presupuesto de m\u00e1s de un mill\u00f3n de euros que destinamos este a\u00f1o a memoria demuestra que, para este gobierno de la Diputaci\u00f3n, sigue siendo una herramienta esencial en la sociedad actual para construir un futuro s\u00f3lido y democr\u00e1tico\u201d. \u201cLa partida econ\u00f3mica es importante porque confirma nuestra voluntad de reparaci\u00f3n y dignificaci\u00f3n de las v\u00edctimas del conflicto, pero no es menos importante la tarea divulgativa para que las nuevas generaciones conozcan una historia que se nos ha contado incompleta y que nunca debe volver a repetirse\u201d, a\u00f1ade la responsable de Memoria Democr\u00e1tica.<\/p>\n\n\n\n<p><strong>Jornada de memoria en X\u00e0tiva<\/strong><\/p>\n\n\n\n<p>Nat\u00e0lia Enguix se expres\u00f3 en estos t\u00e9rminos este jueves durante su participaci\u00f3n en las jornadas de educaci\u00f3n y memoria democr\u00e1tica organizadas por el Ayuntamiento de X\u00e0tiva, en las que particip\u00f3 junto al alcalde, Roger Cerd\u00e0, y el concejal Alfred Boluda. En la Casa de la Cultura de la capital de la Costera, Enguix destac\u00f3 la importancia de \u201cacercar la memoria a los centros educativos y a nuestros j\u00f3venes\u201d, en la l\u00ednea de \u201ctrabajar m\u00e1s que nunca para que los errores pasados marquen el camino que se tiene que evitar\u201d.<\/p>\n\n\n\n<p>En este sentido, la diputada de Memoria Democr\u00e1tica explica que las ayudas directas a ayuntamientos y asociaciones \u201cpermiten recuperar los restos de v\u00edctimas que siguen enterradas en cunetas o fosas comunes, as\u00ed como su posterior identificaci\u00f3n\u201d. En su opini\u00f3n, \u201cla Diputaci\u00f3n tiene la obligaci\u00f3n moral de estar al lado de las v\u00edctimas y sus familiares, porque nuestra democracia solo puede avanzar si ha tenido en cuenta a esas v\u00edctimas de nuestro pasado m\u00e1s negro y a sus descendientes\u201d.<\/p>\n\n\n\n<p>Con estas subvenciones de 2024 y 2025 -algunos proyectos se prolongan durante meses-, la corporaci\u00f3n provincial ha invertido casi cuatro millones de euros en exhumaciones y an\u00e1lisis gen\u00e9ticos de v\u00edctimas de la guerra tanto del r\u00e9gimen franquista como del bando republicano, y actos y monumentos memorialistas, desde la creaci\u00f3n de la primera delegaci\u00f3n de Memoria Democr\u00e1tica de la Diputaci\u00f3n en 2016.&nbsp;<\/p>\n\n\n\n<p>La apuesta por las acciones de reparaci\u00f3n y reconocimiento de los represaliados se ha traducido en estos a\u00f1os en decenas de proyectos desarrollados en casi 20 municipios, con 1.160 v\u00edctimas exhumadas y m\u00e1s de un centenar identificadas despu\u00e9s del an\u00e1lisis antropol\u00f3gico y las pruebas de ADN.<\/p>\n\n\n\n<p>Cada vez m\u00e1s ayuntamientos se suman a los familiares de v\u00edctimas para buscar los restos de personas desaparecidas durante y en los a\u00f1os posteriores al conflicto b\u00e9lico. Adem\u00e1s de las 700 v\u00edctimas exhumadas en Paterna, donde contin\u00faan los proyectos, se han realizado excavaciones en los cementerios de Ontinyent, Castell\u00f3, Alcublas, Chelva, Cullera, Gilet, Rafelbunyol, Alfarb, Gandia, Higueruelas, Andilla, Utiel, Venta del Moro, Villar del Arzobispo, Enguera, Ll\u00edria o Albaida.<\/p>\n","protected":false},"excerpt":{"rendered":"<div class=\"mh-excerpt\">La delegaci\u00f3n que dirige la vicepresidenta Nat\u00e0lia Enguix abre la l\u00ednea de inversi\u00f3n de 2024 para subvencionar proyectos de localizaci\u00f3n, excavaci\u00f3n, exhumaci\u00f3n e identificaci\u00f3n de los restos de v\u00edctimas de la Guerra Civil. Enguix reivindica <a class=\"mh-excerpt-more\" href=\"https:\/\/www.tucomarca.com\/wordpress\/segunda\/la-diputacio-activa-las-ayudas-directas-para-ayuntamientos-y-asociaciones-en-materia-de-memoria-democratica\/\" title=\"La Diputaci\u00f3 activa las ayudas directas para ayuntamientos y asociaciones en materia de memoria democr\u00e1tica\">[+] <\/a><\/div>\n","protected":false},"author":1,"featured_media":220880,"comment_status":"open","ping_status":"open","sticky":false,"template":"","format":"standard","meta":{"footnotes":""},"categories":[20599,128,8,72,20455,142,3,45],"tags":[5417,3677,4013,2142,1941],"class_list":{"0":"post-220879","1":"post","2":"type-post","3":"status-publish","4":"format-standard","5":"has-post-thumbnail","7":"category-area-memoria-democratica","8":"category-infraestructuras","9":"category-la-comarca","10":"category-sin-categorizar","11":"category-la-diputacio-de-valencia-informa","12":"category-politica-la-comarca","13":"category-seccion","14":"category-ventana","15":"tag-democratica","16":"tag-diputacio-de-valencia","17":"tag-diputacion-de-valencia","18":"tag-la-comunitat","19":"tag-memoria"},"_links":{"self":[{"href":"https:\/\/www.tucomarca.com\/wordpress\/segunda\/wp-json\/wp\/v2\/posts\/220879","targetHints":{"allow":["GET"]}}],"collection":[{"href":"https:\/\/www.tucomarca.com\/wordpress\/segunda\/wp-json\/wp\/v2\/posts"}],"about":[{"href":"https:\/\/www.tucomarca.com\/wordpress\/segunda\/wp-json\/wp\/v2\/types\/post"}],"author":[{"embeddable":true,"href":"https:\/\/www.tucomarca.com\/wordpress\/segunda\/wp-json\/wp\/v2\/users\/1"}],"replies":[{"embeddable":true,"href":"https:\/\/www.tucomarca.com\/wordpress\/segunda\/wp-json\/wp\/v2\/comments?post=220879"}],"version-history":[{"count":0,"href":"https:\/\/www.tucomarca.com\/wordpress\/segunda\/wp-json\/wp\/v2\/posts\/220879\/revisions"}],"wp:featuredmedia":[{"embeddable":true,"href":"https:\/\/www.tucomarca.com\/wordpress\/segunda\/wp-json\/wp\/v2\/media\/220880"}],"wp:attachment":[{"href":"https:\/\/www.tucomarca.com\/wordpress\/segunda\/wp-json\/wp\/v2\/media?parent=220879"}],"wp:term":[{"taxonomy":"category","embeddable":true,"href":"https:\/\/www.tucomarca.com\/wordpress\/segunda\/wp-json\/wp\/v2\/categories?post=220879"},{"taxonomy":"post_tag","embeddable":true,"href":"https:\/\/www.tucomarca.com\/wordpress\/segunda\/wp-json\/wp\/v2\/tags?post=220879"}],"curies":[{"name":"wp","href":"https:\/\/api.w.org\/{rel}","templated":true}]}}