{"id":220887,"date":"2024-04-26T12:00:00","date_gmt":"2024-04-26T10:00:00","guid":{"rendered":"https:\/\/www.tucomarca.com\/wordpress\/segunda\/?p=220887"},"modified":"2024-04-26T19:55:15","modified_gmt":"2024-04-26T17:55:15","slug":"fotogaleria-la-inauguracion-del-festival-vivir-de-cine-de-bunol-llena-palacio-de-la-musica","status":"publish","type":"post","link":"https:\/\/www.tucomarca.com\/wordpress\/segunda\/fotogaleria-la-inauguracion-del-festival-vivir-de-cine-de-bunol-llena-palacio-de-la-musica\/","title":{"rendered":"Fotogaler\u00eda: la inauguraci\u00f3n del festival Vivir de Cine de Bu\u00f1ol llena Palacio de la M\u00fasica"},"content":{"rendered":"\n<p>El festival Vivir de Cine de Bu\u00f1ol ha dado comienzo este jueves en un llen\u00edsimo Palacio de la M\u00fasica, inauguraci\u00f3n que llev\u00f3 a cabo la concejala de Cultura, Tamara D\u00edaz, y que abri\u00f3 el gestor cultural, Ximo Guarro.<\/p>\n\n\n\n<p>Durante la inauguraci\u00f3n la edil agradeci\u00f3 la colaboraci\u00f3n en el desarrollo de este evento cultural, junto a Ximo Guarro, de Juan Luis Pall\u00e1s, \u00c1ngel Ramiro, Roberto Zan\u00f3n y Dar\u00edo Ferrer, \u00abpor su dedicaci\u00f3n y ayuda prestada para que este longevo ciclo fuese un \u00e9xito en esta edici\u00f3n, as\u00ed como a las sociedades musicales por ceder sus salas de cine durante estas semanas que dura el festival\u00bb, seg\u00fan manifest\u00f3.<\/p>\n\n\n\n<p>Del mismo modo, invit\u00f3 al p\u00fablico a disfrutar de esta selecci\u00f3n de pel\u00edculas que se van a ver en los cines de Bu\u00f1ol y que ha comenzado este jueves con &#8216;El maestro que prometi\u00f3 el mar&#8217;.<\/p>\n\n\n\n<p>\u00abPrepar\u00e9monos para sumergirnos en la grandeza del cine cada jueves a un precio popular de 3\u20ac, en el Palacio de la M\u00fasica del Centro Instructivo Musical \u201cLa Arm\u00f3nica\u201d y en el Teatro Montecarlo de la Sociedad \u201cLa Art\u00edstica\u201c de Bu\u00f1ol, solo espero y deseo que llenemos nuestras salas y disfrutemos del cine en nuestro pueblo\u00bb, finalizaba la edil de Cultura.<\/p>\n\n\n\n<figure class=\"wp-block-gallery has-nested-images columns-1 is-cropped wp-block-gallery-1 is-layout-flex wp-block-gallery-is-layout-flex\">\n<figure class=\"wp-block-image size-large\"><img loading=\"lazy\" decoding=\"async\" width=\"945\" height=\"709\" data-id=\"220891\" src=\"https:\/\/www.tucomarca.com\/wordpress\/segunda\/wp-content\/uploads\/2024\/04\/vivirdecine04.jpg\" alt=\"\" class=\"wp-image-220891\" srcset=\"https:\/\/www.tucomarca.com\/wordpress\/segunda\/wp-content\/uploads\/2024\/04\/vivirdecine04.jpg 945w, https:\/\/www.tucomarca.com\/wordpress\/segunda\/wp-content\/uploads\/2024\/04\/vivirdecine04-300x225.jpg 300w, https:\/\/www.tucomarca.com\/wordpress\/segunda\/wp-content\/uploads\/2024\/04\/vivirdecine04-768x576.jpg 768w, https:\/\/www.tucomarca.com\/wordpress\/segunda\/wp-content\/uploads\/2024\/04\/vivirdecine04-678x509.jpg 678w, https:\/\/www.tucomarca.com\/wordpress\/segunda\/wp-content\/uploads\/2024\/04\/vivirdecine04-326x245.jpg 326w, https:\/\/www.tucomarca.com\/wordpress\/segunda\/wp-content\/uploads\/2024\/04\/vivirdecine04-80x60.jpg 80w\" sizes=\"auto, (max-width: 945px) 100vw, 945px\" \/><\/figure>\n\n\n\n<figure class=\"wp-block-image size-large\"><img loading=\"lazy\" decoding=\"async\" width=\"945\" height=\"709\" data-id=\"220889\" src=\"https:\/\/www.tucomarca.com\/wordpress\/segunda\/wp-content\/uploads\/2024\/04\/vivirdecine03.jpg\" alt=\"\" class=\"wp-image-220889\" srcset=\"https:\/\/www.tucomarca.com\/wordpress\/segunda\/wp-content\/uploads\/2024\/04\/vivirdecine03.jpg 945w, https:\/\/www.tucomarca.com\/wordpress\/segunda\/wp-content\/uploads\/2024\/04\/vivirdecine03-300x225.jpg 300w, https:\/\/www.tucomarca.com\/wordpress\/segunda\/wp-content\/uploads\/2024\/04\/vivirdecine03-768x576.jpg 768w, https:\/\/www.tucomarca.com\/wordpress\/segunda\/wp-content\/uploads\/2024\/04\/vivirdecine03-678x509.jpg 678w, https:\/\/www.tucomarca.com\/wordpress\/segunda\/wp-content\/uploads\/2024\/04\/vivirdecine03-326x245.jpg 326w, https:\/\/www.tucomarca.com\/wordpress\/segunda\/wp-content\/uploads\/2024\/04\/vivirdecine03-80x60.jpg 80w\" sizes=\"auto, (max-width: 945px) 100vw, 945px\" \/><\/figure>\n\n\n\n<figure class=\"wp-block-image size-large\"><img loading=\"lazy\" decoding=\"async\" width=\"945\" height=\"709\" data-id=\"220901\" src=\"https:\/\/www.tucomarca.com\/wordpress\/segunda\/wp-content\/uploads\/2024\/04\/vivirdecine09.jpg\" alt=\"\" class=\"wp-image-220901\" srcset=\"https:\/\/www.tucomarca.com\/wordpress\/segunda\/wp-content\/uploads\/2024\/04\/vivirdecine09.jpg 945w, https:\/\/www.tucomarca.com\/wordpress\/segunda\/wp-content\/uploads\/2024\/04\/vivirdecine09-300x225.jpg 300w, https:\/\/www.tucomarca.com\/wordpress\/segunda\/wp-content\/uploads\/2024\/04\/vivirdecine09-768x576.jpg 768w, https:\/\/www.tucomarca.com\/wordpress\/segunda\/wp-content\/uploads\/2024\/04\/vivirdecine09-678x509.jpg 678w, https:\/\/www.tucomarca.com\/wordpress\/segunda\/wp-content\/uploads\/2024\/04\/vivirdecine09-326x245.jpg 326w, https:\/\/www.tucomarca.com\/wordpress\/segunda\/wp-content\/uploads\/2024\/04\/vivirdecine09-80x60.jpg 80w\" sizes=\"auto, (max-width: 945px) 100vw, 945px\" \/><\/figure>\n\n\n\n<figure class=\"wp-block-image size-large\"><img loading=\"lazy\" decoding=\"async\" width=\"945\" height=\"708\" data-id=\"220893\" src=\"https:\/\/www.tucomarca.com\/wordpress\/segunda\/wp-content\/uploads\/2024\/04\/vivirdecine05.jpg\" alt=\"\" class=\"wp-image-220893\" srcset=\"https:\/\/www.tucomarca.com\/wordpress\/segunda\/wp-content\/uploads\/2024\/04\/vivirdecine05.jpg 945w, https:\/\/www.tucomarca.com\/wordpress\/segunda\/wp-content\/uploads\/2024\/04\/vivirdecine05-300x225.jpg 300w, https:\/\/www.tucomarca.com\/wordpress\/segunda\/wp-content\/uploads\/2024\/04\/vivirdecine05-768x575.jpg 768w, https:\/\/www.tucomarca.com\/wordpress\/segunda\/wp-content\/uploads\/2024\/04\/vivirdecine05-678x509.jpg 678w, https:\/\/www.tucomarca.com\/wordpress\/segunda\/wp-content\/uploads\/2024\/04\/vivirdecine05-326x245.jpg 326w, https:\/\/www.tucomarca.com\/wordpress\/segunda\/wp-content\/uploads\/2024\/04\/vivirdecine05-80x60.jpg 80w\" sizes=\"auto, (max-width: 945px) 100vw, 945px\" \/><\/figure>\n\n\n\n<figure class=\"wp-block-image size-large\"><img loading=\"lazy\" decoding=\"async\" width=\"945\" height=\"709\" data-id=\"220903\" src=\"https:\/\/www.tucomarca.com\/wordpress\/segunda\/wp-content\/uploads\/2024\/04\/vivirdecine10.jpg\" alt=\"\" class=\"wp-image-220903\" srcset=\"https:\/\/www.tucomarca.com\/wordpress\/segunda\/wp-content\/uploads\/2024\/04\/vivirdecine10.jpg 945w, https:\/\/www.tucomarca.com\/wordpress\/segunda\/wp-content\/uploads\/2024\/04\/vivirdecine10-300x225.jpg 300w, https:\/\/www.tucomarca.com\/wordpress\/segunda\/wp-content\/uploads\/2024\/04\/vivirdecine10-768x576.jpg 768w, https:\/\/www.tucomarca.com\/wordpress\/segunda\/wp-content\/uploads\/2024\/04\/vivirdecine10-678x509.jpg 678w, https:\/\/www.tucomarca.com\/wordpress\/segunda\/wp-content\/uploads\/2024\/04\/vivirdecine10-326x245.jpg 326w, https:\/\/www.tucomarca.com\/wordpress\/segunda\/wp-content\/uploads\/2024\/04\/vivirdecine10-80x60.jpg 80w\" sizes=\"auto, (max-width: 945px) 100vw, 945px\" \/><\/figure>\n\n\n\n<figure class=\"wp-block-image size-full\"><img loading=\"lazy\" decoding=\"async\" width=\"945\" height=\"709\" data-id=\"220912\" src=\"https:\/\/www.tucomarca.com\/wordpress\/segunda\/wp-content\/uploads\/2024\/04\/vivirdecine11.jpg\" alt=\"\" class=\"wp-image-220912\" srcset=\"https:\/\/www.tucomarca.com\/wordpress\/segunda\/wp-content\/uploads\/2024\/04\/vivirdecine11.jpg 945w, https:\/\/www.tucomarca.com\/wordpress\/segunda\/wp-content\/uploads\/2024\/04\/vivirdecine11-300x225.jpg 300w, https:\/\/www.tucomarca.com\/wordpress\/segunda\/wp-content\/uploads\/2024\/04\/vivirdecine11-768x576.jpg 768w, https:\/\/www.tucomarca.com\/wordpress\/segunda\/wp-content\/uploads\/2024\/04\/vivirdecine11-678x509.jpg 678w, https:\/\/www.tucomarca.com\/wordpress\/segunda\/wp-content\/uploads\/2024\/04\/vivirdecine11-326x245.jpg 326w, https:\/\/www.tucomarca.com\/wordpress\/segunda\/wp-content\/uploads\/2024\/04\/vivirdecine11-80x60.jpg 80w\" sizes=\"auto, (max-width: 945px) 100vw, 945px\" \/><\/figure>\n<\/figure>\n","protected":false},"excerpt":{"rendered":"<div class=\"mh-excerpt\">El festival Vivir de Cine de Bu\u00f1ol ha dado comienzo este jueves en un llen\u00edsimo Palacio de la M\u00fasica, inauguraci\u00f3n que llev\u00f3 a cabo la concejala de Cultura, Tamara D\u00edaz, y que abri\u00f3 el gestor <a class=\"mh-excerpt-more\" href=\"https:\/\/www.tucomarca.com\/wordpress\/segunda\/fotogaleria-la-inauguracion-del-festival-vivir-de-cine-de-bunol-llena-palacio-de-la-musica\/\" title=\"Fotogaler\u00eda: la inauguraci\u00f3n del festival Vivir de Cine de Bu\u00f1ol llena Palacio de la M\u00fasica\">[+] <\/a><\/div>\n","protected":false},"author":12,"featured_media":220895,"comment_status":"open","ping_status":"open","sticky":false,"template":"","format":"gallery","meta":{"footnotes":""},"categories":[18,8,10,7,3,45],"tags":[10385,5952,20521],"class_list":{"0":"post-220887","1":"post","2":"type-post","3":"status-publish","4":"format-gallery","5":"has-post-thumbnail","7":"category-bunol","8":"category-la-comarca","9":"category-la-hoya","10":"category-ocio-y-cultura","11":"category-seccion","12":"category-ventana","13":"tag-bunol","14":"tag-la-hoya-de-bunol-chiva","15":"tag-vivir-de-cine-2024","16":"post_format-post-format-gallery"},"_links":{"self":[{"href":"https:\/\/www.tucomarca.com\/wordpress\/segunda\/wp-json\/wp\/v2\/posts\/220887","targetHints":{"allow":["GET"]}}],"collection":[{"href":"https:\/\/www.tucomarca.com\/wordpress\/segunda\/wp-json\/wp\/v2\/posts"}],"about":[{"href":"https:\/\/www.tucomarca.com\/wordpress\/segunda\/wp-json\/wp\/v2\/types\/post"}],"author":[{"embeddable":true,"href":"https:\/\/www.tucomarca.com\/wordpress\/segunda\/wp-json\/wp\/v2\/users\/12"}],"replies":[{"embeddable":true,"href":"https:\/\/www.tucomarca.com\/wordpress\/segunda\/wp-json\/wp\/v2\/comments?post=220887"}],"version-history":[{"count":0,"href":"https:\/\/www.tucomarca.com\/wordpress\/segunda\/wp-json\/wp\/v2\/posts\/220887\/revisions"}],"wp:featuredmedia":[{"embeddable":true,"href":"https:\/\/www.tucomarca.com\/wordpress\/segunda\/wp-json\/wp\/v2\/media\/220895"}],"wp:attachment":[{"href":"https:\/\/www.tucomarca.com\/wordpress\/segunda\/wp-json\/wp\/v2\/media?parent=220887"}],"wp:term":[{"taxonomy":"category","embeddable":true,"href":"https:\/\/www.tucomarca.com\/wordpress\/segunda\/wp-json\/wp\/v2\/categories?post=220887"},{"taxonomy":"post_tag","embeddable":true,"href":"https:\/\/www.tucomarca.com\/wordpress\/segunda\/wp-json\/wp\/v2\/tags?post=220887"}],"curies":[{"name":"wp","href":"https:\/\/api.w.org\/{rel}","templated":true}]}}